{"id":1409,"date":"2016-05-13T16:14:03","date_gmt":"2016-05-13T15:14:03","guid":{"rendered":"https:\/\/mojmeteor.wordpress.com\/?p=1409"},"modified":"2016-05-13T16:14:03","modified_gmt":"2016-05-13T15:14:03","slug":"vjeronaucna-izlozba-crteza","status":"publish","type":"post","link":"https:\/\/mojmeteor.com\/index.php\/2016\/05\/13\/vjeronaucna-izlozba-crteza\/","title":{"rendered":"Vjeronau\u010dna izlo\u017eba crte\u017ea"},"content":{"rendered":"<div id='gallery-1' class='gallery galleryid-1409 gallery-columns-3 gallery-size-thumbnail'><figure class='gallery-item'>\n\t\t\t<div class='gallery-icon landscape'>\n\t\t\t\t<a href='https:\/\/mojmeteor.com\/silazak-duha-svetoga-karla-vujcic-3-c\/'><img loading=\"lazy\" decoding=\"async\" width=\"150\" height=\"150\" src=\"https:\/\/mojmeteor.com\/wp-content\/uploads\/2016\/05\/silazak-duha-svetoga-karla-vujc48dic487-3-c-150x150.jpg\" class=\"attachment-thumbnail size-thumbnail\" alt=\"\" aria-describedby=\"gallery-1-1417\" \/><\/a>\n\t\t\t<\/div>\n\t\t\t\t<figcaption class='wp-caption-text gallery-caption' id='gallery-1-1417'>\n\t\t\t\tSilazak Duha Svetoga, Karla Vuj\u010di\u0107, 3. c\n\t\t\t\t<\/figcaption><\/figure><figure class='gallery-item'>\n\t\t\t<div class='gallery-icon landscape'>\n\t\t\t\t<a href='https:\/\/mojmeteor.com\/uzasasce-isusovo-na-nebo-barbara-barbaric-3-c\/'><img loading=\"lazy\" decoding=\"async\" width=\"150\" height=\"150\" src=\"https:\/\/mojmeteor.com\/wp-content\/uploads\/2016\/05\/uzasasce-isusovo-na-nebo-barbara-barbaric487-3-c-150x150.jpg\" class=\"attachment-thumbnail size-thumbnail\" alt=\"\" aria-describedby=\"gallery-1-1418\" \/><\/a>\n\t\t\t<\/div>\n\t\t\t\t<figcaption class='wp-caption-text gallery-caption' id='gallery-1-1418'>\n\t\t\t\tSilazak Duha Svetoga, Barbara Barbari\u0107, 3. c\n\t\t\t\t<\/figcaption><\/figure><figure class='gallery-item'>\n\t\t\t<div class='gallery-icon portrait'>\n\t\t\t\t<a href='https:\/\/mojmeteor.com\/emaus-anja-fajgl-4-d\/'><img loading=\"lazy\" decoding=\"async\" width=\"150\" height=\"150\" src=\"https:\/\/mojmeteor.com\/wp-content\/uploads\/2016\/05\/emaus-anja-fajgl-4-d-150x150.jpg\" class=\"attachment-thumbnail size-thumbnail\" alt=\"\" aria-describedby=\"gallery-1-1410\" \/><\/a>\n\t\t\t<\/div>\n\t\t\t\t<figcaption class='wp-caption-text gallery-caption' id='gallery-1-1410'>\n\t\t\t\tEmaus, Vanja Fajgl, 4. e\n\t\t\t\t<\/figcaption><\/figure><figure class='gallery-item'>\n\t\t\t<div class='gallery-icon portrait'>\n\t\t\t\t<a href='https:\/\/mojmeteor.com\/marija-isusova-i-nasa-majka-klara-krijan-1-c\/'><img loading=\"lazy\" decoding=\"async\" width=\"150\" height=\"150\" src=\"https:\/\/mojmeteor.com\/wp-content\/uploads\/2016\/05\/marija-isusova-i-nac5a1a-majka-klara-krijan-1-c-150x150.jpg\" class=\"attachment-thumbnail size-thumbnail\" alt=\"\" aria-describedby=\"gallery-1-1411\" \/><\/a>\n\t\t\t<\/div>\n\t\t\t\t<figcaption class='wp-caption-text gallery-caption' id='gallery-1-1411'>\n\t\t\t\tMarija Isusova i na\u0161a majka, Klara Krijan, 1. c\n\t\t\t\t<\/figcaption><\/figure><figure class='gallery-item'>\n\t\t\t<div class='gallery-icon portrait'>\n\t\t\t\t<a href='https:\/\/mojmeteor.com\/marija-isusova-i-nasa-majka-tea-lucic-1c\/'><img loading=\"lazy\" decoding=\"async\" width=\"150\" height=\"150\" src=\"https:\/\/mojmeteor.com\/wp-content\/uploads\/2016\/05\/marija-isusova-i-nac5a1a-majka-tea-lucic487-1c-150x150.jpg\" class=\"attachment-thumbnail size-thumbnail\" alt=\"\" aria-describedby=\"gallery-1-1413\" \/><\/a>\n\t\t\t<\/div>\n\t\t\t\t<figcaption class='wp-caption-text gallery-caption' id='gallery-1-1413'>\n\t\t\t\tMarija Isusova i na\u0161a majka, Tea Luci\u0107, 1. c\n\t\t\t\t<\/figcaption><\/figure><figure class='gallery-item'>\n\t\t\t<div class='gallery-icon portrait'>\n\t\t\t\t<a href='https:\/\/mojmeteor.com\/marija-isusova-i-nasa-majka-laura-dabic-1-c\/'><img loading=\"lazy\" decoding=\"async\" width=\"150\" height=\"150\" src=\"https:\/\/mojmeteor.com\/wp-content\/uploads\/2016\/05\/marija-isusova-i-nac5a1a-majka-laura-dabic487-1-c-150x150.jpg\" class=\"attachment-thumbnail size-thumbnail\" alt=\"\" aria-describedby=\"gallery-1-1412\" \/><\/a>\n\t\t\t<\/div>\n\t\t\t\t<figcaption class='wp-caption-text gallery-caption' id='gallery-1-1412'>\n\t\t\t\tMarija Isusova i na\u0161a majka, Laura Dabi\u0107, 1. c\n\t\t\t\t<\/figcaption><\/figure><figure class='gallery-item'>\n\t\t\t<div class='gallery-icon landscape'>\n\t\t\t\t<a href='https:\/\/mojmeteor.com\/nedjelja-u-mojoj-obitelji-filip-orkic-2-c\/'><img loading=\"lazy\" decoding=\"async\" width=\"150\" height=\"150\" src=\"https:\/\/mojmeteor.com\/wp-content\/uploads\/2016\/05\/nedjelja-u-mojoj-obitelji-filip-orkic487-2-c-150x150.jpg\" class=\"attachment-thumbnail size-thumbnail\" alt=\"\" aria-describedby=\"gallery-1-1414\" \/><\/a>\n\t\t\t<\/div>\n\t\t\t\t<figcaption class='wp-caption-text gallery-caption' id='gallery-1-1414'>\n\t\t\t\tNedjelja u mojoj obitelji, Filip Orki\u0107, 2. c\n\t\t\t\t<\/figcaption><\/figure><figure class='gallery-item'>\n\t\t\t<div class='gallery-icon landscape'>\n\t\t\t\t<a href='https:\/\/mojmeteor.com\/nedjelja-u-mojoj-obitelji-lucija-perkovic-2-c\/'><img loading=\"lazy\" decoding=\"async\" width=\"150\" height=\"150\" src=\"https:\/\/mojmeteor.com\/wp-content\/uploads\/2016\/05\/nedjelja-u-mojoj-obitelji-lucija-perkovic487-2-c-150x150.jpg\" class=\"attachment-thumbnail size-thumbnail\" alt=\"\" aria-describedby=\"gallery-1-1415\" \/><\/a>\n\t\t\t<\/div>\n\t\t\t\t<figcaption class='wp-caption-text gallery-caption' id='gallery-1-1415'>\n\t\t\t\tNedjelja u mojoj obitelji, Lucija Perkovi\u0107, 2. c\n\t\t\t\t<\/figcaption><\/figure><figure class='gallery-item'>\n\t\t\t<div class='gallery-icon landscape'>\n\t\t\t\t<a href='https:\/\/mojmeteor.com\/nedjelja-u-mojoj-obitelji-viktorija-florijan-2-d\/'><img loading=\"lazy\" decoding=\"async\" width=\"150\" height=\"150\" src=\"https:\/\/mojmeteor.com\/wp-content\/uploads\/2016\/05\/nedjelja-u-mojoj-obitelji-viktorija-florijan-2-d-150x150.jpg\" class=\"attachment-thumbnail size-thumbnail\" alt=\"\" aria-describedby=\"gallery-1-1416\" \/><\/a>\n\t\t\t<\/div>\n\t\t\t\t<figcaption class='wp-caption-text gallery-caption' id='gallery-1-1416'>\n\t\t\t\tNedjelja u mojoj obitelji, Viktorija Florijan, 2. d\n\t\t\t\t<\/figcaption><\/figure>\n\t\t<\/div>\n\n","protected":false},"excerpt":{"rendered":"<p>S. Monika Havli\u010dek poslala nam je u\u010deni\u010dke crte\u017ee Marije, Isusova puta u Emaus i uza\u0161a\u0161\u0107a, s prizorima nedjelje u na\u0161im obiteljima i silaska Duha Svetoga.<\/p>\n","protected":false},"author":1,"featured_media":1417,"comment_status":"open","ping_status":"open","sticky":false,"template":"","format":"standard","meta":{"footnotes":""},"categories":[6],"tags":[],"class_list":["post-1409","post","type-post","status-publish","format-standard","has-post-thumbnail","hentry","category-olovkom-i-kistom"],"jetpack_sharing_enabled":true,"jetpack_featured_media_url":"https:\/\/mojmeteor.com\/wp-content\/uploads\/2016\/05\/silazak-duha-svetoga-karla-vujc48dic487-3-c-scaled.jpg","jetpack-related-posts":[{"id":9351,"url":"https:\/\/mojmeteor.com\/index.php\/2025\/11\/29\/kalendar-s-pogacafesta-2025-sokice-u-5-brzini-a-ucenici-medijske-druzine-u-4-mjesecu\/","url_meta":{"origin":1409,"position":0},"title":"KALENDAR S POGA\u010cAFESTA 2025.: \u0160okice u 5. brzini, a u\u010denici medijske dru\u017eine u 4. mjesecu","author":"admin","date":"29\/11\/2025","format":false,"excerpt":"\u010cime su nas obradovale neumorne \u010dlanice pjeva\u010dke skupine Vesele \u0160okice","rel":"","context":"In &quot;Zabava&quot;","block_context":{"text":"Zabava","link":"https:\/\/mojmeteor.com\/index.php\/category\/zabava\/"},"img":{"alt_text":"","src":"https:\/\/i0.wp.com\/mojmeteor.com\/wp-content\/uploads\/2025\/11\/IMG_20251127_131221_edit_572414848526963-scaled.jpg?resize=350%2C200&ssl=1","width":350,"height":200,"srcset":"https:\/\/i0.wp.com\/mojmeteor.com\/wp-content\/uploads\/2025\/11\/IMG_20251127_131221_edit_572414848526963-scaled.jpg?resize=350%2C200&ssl=1 1x, https:\/\/i0.wp.com\/mojmeteor.com\/wp-content\/uploads\/2025\/11\/IMG_20251127_131221_edit_572414848526963-scaled.jpg?resize=525%2C300&ssl=1 1.5x, https:\/\/i0.wp.com\/mojmeteor.com\/wp-content\/uploads\/2025\/11\/IMG_20251127_131221_edit_572414848526963-scaled.jpg?resize=700%2C400&ssl=1 2x, https:\/\/i0.wp.com\/mojmeteor.com\/wp-content\/uploads\/2025\/11\/IMG_20251127_131221_edit_572414848526963-scaled.jpg?resize=1050%2C600&ssl=1 3x, https:\/\/i0.wp.com\/mojmeteor.com\/wp-content\/uploads\/2025\/11\/IMG_20251127_131221_edit_572414848526963-scaled.jpg?resize=1400%2C800&ssl=1 4x"},"classes":[]},{"id":8419,"url":"https:\/\/mojmeteor.com\/index.php\/2024\/02\/02\/nagradeni-ucenici-u-celju-skola-skijanja-i-nezaboravne-uspomene\/","url_meta":{"origin":1409,"position":1},"title":"NAGRA\u0110ENI U\u010cENICI U CELJU: \u0160kola skijanja i nezaboravne uspomene","author":"admin","date":"02\/02\/2024","format":false,"excerpt":"Noa Raki\u0107 i Nera Filkovi\u0107 nagra\u0111eni putem u Celje","rel":"","context":"In &quot;Zanimljivosti&quot;","block_context":{"text":"Zanimljivosti","link":"https:\/\/mojmeteor.com\/index.php\/category\/zanimljivosti\/"},"img":{"alt_text":"","src":"https:\/\/i0.wp.com\/mojmeteor.com\/wp-content\/uploads\/2024\/02\/Image-6.jpg?resize=350%2C200&ssl=1","width":350,"height":200,"srcset":"https:\/\/i0.wp.com\/mojmeteor.com\/wp-content\/uploads\/2024\/02\/Image-6.jpg?resize=350%2C200&ssl=1 1x, https:\/\/i0.wp.com\/mojmeteor.com\/wp-content\/uploads\/2024\/02\/Image-6.jpg?resize=525%2C300&ssl=1 1.5x, https:\/\/i0.wp.com\/mojmeteor.com\/wp-content\/uploads\/2024\/02\/Image-6.jpg?resize=700%2C400&ssl=1 2x, https:\/\/i0.wp.com\/mojmeteor.com\/wp-content\/uploads\/2024\/02\/Image-6.jpg?resize=1050%2C600&ssl=1 3x, https:\/\/i0.wp.com\/mojmeteor.com\/wp-content\/uploads\/2024\/02\/Image-6.jpg?resize=1400%2C800&ssl=1 4x"},"classes":[]},{"id":1067,"url":"https:\/\/mojmeteor.com\/index.php\/2015\/10\/24\/nagradni-izlet-u-daruvarske-toplice\/","url_meta":{"origin":1409,"position":2},"title":"Nagradni izlet u Daruvarske toplice","author":"admin","date":"24\/10\/2015","format":false,"excerpt":"Moj 4.b razred s u\u010diteljicom Snje\u017eanom Sedlo ve\u0107 tre\u0107u godinu u\u017eiva u Daruvarskim toplicama.","rel":"","context":"In &quot;Zabava&quot;","block_context":{"text":"Zabava","link":"https:\/\/mojmeteor.com\/index.php\/category\/zabava\/"},"img":{"alt_text":"","src":"https:\/\/i0.wp.com\/mojmeteor.com\/wp-content\/uploads\/2016\/02\/20151024_155045.jpg?resize=350%2C200&ssl=1","width":350,"height":200,"srcset":"https:\/\/i0.wp.com\/mojmeteor.com\/wp-content\/uploads\/2016\/02\/20151024_155045.jpg?resize=350%2C200&ssl=1 1x, https:\/\/i0.wp.com\/mojmeteor.com\/wp-content\/uploads\/2016\/02\/20151024_155045.jpg?resize=525%2C300&ssl=1 1.5x, https:\/\/i0.wp.com\/mojmeteor.com\/wp-content\/uploads\/2016\/02\/20151024_155045.jpg?resize=700%2C400&ssl=1 2x, https:\/\/i0.wp.com\/mojmeteor.com\/wp-content\/uploads\/2016\/02\/20151024_155045.jpg?resize=1050%2C600&ssl=1 3x, https:\/\/i0.wp.com\/mojmeteor.com\/wp-content\/uploads\/2016\/02\/20151024_155045.jpg?resize=1400%2C800&ssl=1 4x"},"classes":[]},{"id":1238,"url":"https:\/\/mojmeteor.com\/index.php\/2016\/04\/12\/knjizna-booka\/","url_meta":{"origin":1409,"position":3},"title":"Knji\u017ena Booka","author":"admin","date":"12\/04\/2016","format":false,"excerpt":"U Nacionalnoj i sveu\u010dili\u0161noj knji\u017enici nastupali su s igrokazom Anja voli Petra Dora i Frane.","rel":"","context":"In &quot;Doga\u0111anja&quot;","block_context":{"text":"Doga\u0111anja","link":"https:\/\/mojmeteor.com\/index.php\/category\/dogadanja\/"},"img":{"alt_text":"","src":"https:\/\/i0.wp.com\/mojmeteor.com\/wp-content\/uploads\/2016\/04\/22.jpg?resize=350%2C200&ssl=1","width":350,"height":200,"srcset":"https:\/\/i0.wp.com\/mojmeteor.com\/wp-content\/uploads\/2016\/04\/22.jpg?resize=350%2C200&ssl=1 1x, https:\/\/i0.wp.com\/mojmeteor.com\/wp-content\/uploads\/2016\/04\/22.jpg?resize=525%2C300&ssl=1 1.5x, https:\/\/i0.wp.com\/mojmeteor.com\/wp-content\/uploads\/2016\/04\/22.jpg?resize=700%2C400&ssl=1 2x"},"classes":[]},{"id":7618,"url":"https:\/\/mojmeteor.com\/index.php\/2023\/02\/09\/brazilski-dziju-dzicu-s-borilackim-vjestinama-sigurni-u-svako-doba\/","url_meta":{"origin":1409,"position":4},"title":"BRAZILSKI D\u017dIJU D\u017dICU: S borila\u010dkim vje\u0161tinama sigurni u svako doba","author":"admin","date":"09\/02\/2023","format":false,"excerpt":"Od velja\u010de u ve\u010dernjim terminima ispunjena je i mala sportska dvorana ljubiteljima borila\u010dkoga sporta d\u017eiju d\u017eicu - prete\u010dom karatea i d\u017euda u kojem se stavlja naglasak na nenasilje","rel":"","context":"In &quot;Zabava&quot;","block_context":{"text":"Zabava","link":"https:\/\/mojmeteor.com\/index.php\/category\/zabava\/"},"img":{"alt_text":"","src":"","width":0,"height":0},"classes":[]},{"id":837,"url":"https:\/\/mojmeteor.com\/index.php\/2016\/02\/03\/in-su-majice-s-likovima\/","url_meta":{"origin":1409,"position":5},"title":"In su majice s likovima","author":"admin","date":"03\/02\/2016","format":false,"excerpt":"U galeriji fotografija na\u0161ih malih manekena pogledajte \u0161to vole obla\u010diti u \u0161kolu.","rel":"","context":"In &quot;Zabava&quot;","block_context":{"text":"Zabava","link":"https:\/\/mojmeteor.com\/index.php\/category\/zabava\/"},"img":{"alt_text":"","src":"https:\/\/i0.wp.com\/mojmeteor.com\/wp-content\/uploads\/2016\/02\/62.jpg?resize=350%2C200&ssl=1","width":350,"height":200,"srcset":"https:\/\/i0.wp.com\/mojmeteor.com\/wp-content\/uploads\/2016\/02\/62.jpg?resize=350%2C200&ssl=1 1x, https:\/\/i0.wp.com\/mojmeteor.com\/wp-content\/uploads\/2016\/02\/62.jpg?resize=525%2C300&ssl=1 1.5x"},"classes":[]}],"_links":{"self":[{"href":"https:\/\/mojmeteor.com\/index.php\/wp-json\/wp\/v2\/posts\/1409","targetHints":{"allow":["GET"]}}],"collection":[{"href":"https:\/\/mojmeteor.com\/index.php\/wp-json\/wp\/v2\/posts"}],"about":[{"href":"https:\/\/mojmeteor.com\/index.php\/wp-json\/wp\/v2\/types\/post"}],"author":[{"embeddable":true,"href":"https:\/\/mojmeteor.com\/index.php\/wp-json\/wp\/v2\/users\/1"}],"replies":[{"embeddable":true,"href":"https:\/\/mojmeteor.com\/index.php\/wp-json\/wp\/v2\/comments?post=1409"}],"version-history":[{"count":0,"href":"https:\/\/mojmeteor.com\/index.php\/wp-json\/wp\/v2\/posts\/1409\/revisions"}],"wp:featuredmedia":[{"embeddable":true,"href":"https:\/\/mojmeteor.com\/index.php\/wp-json\/wp\/v2\/media\/1417"}],"wp:attachment":[{"href":"https:\/\/mojmeteor.com\/index.php\/wp-json\/wp\/v2\/media?parent=1409"}],"wp:term":[{"taxonomy":"category","embeddable":true,"href":"https:\/\/mojmeteor.com\/index.php\/wp-json\/wp\/v2\/categories?post=1409"},{"taxonomy":"post_tag","embeddable":true,"href":"https:\/\/mojmeteor.com\/index.php\/wp-json\/wp\/v2\/tags?post=1409"}],"curies":[{"name":"wp","href":"https:\/\/api.w.org\/{rel}","templated":true}]}}