{"id":2361,"date":"2016-11-15T17:34:10","date_gmt":"2016-11-15T16:34:10","guid":{"rendered":"https:\/\/mojmeteor.wordpress.com\/?p=2361"},"modified":"2016-11-15T17:34:10","modified_gmt":"2016-11-15T16:34:10","slug":"drzavni-kviz-o-tadiji","status":"publish","type":"post","link":"https:\/\/mojmeteor.com\/index.php\/2016\/11\/15\/drzavni-kviz-o-tadiji\/","title":{"rendered":"Dr\u017eavni kviz o Tadiji"},"content":{"rendered":"<p><strong>Knji\u017eevno-zabavni kviz o \u017eivotu i djelu Dragutina Tadijanovi\u0107a<\/strong><\/p>\n<p>Uz 111. ro\u0111endan pjesnika Dragutina Tadijanovi\u0107a sedmi bi se puta okupile, natjecale i dru\u017eile na\u0161e gradske \u0161kole da ove godine nije podignut na dr\u017eavnu razinu. \u00a0Tako se <strong>3. studenoga 2016.<\/strong> (dan uo\u010di pjesnikovog ro\u0111endana) odr\u017eao <strong>prvi dr\u017eavni Knji\u017eevno-zabavni kviz o \u017eivotu i djelu Dragutina Tadijanovi\u0107a<\/strong>. Uz na\u0161u \u0161kolu u organizaciji su sudjelovali Turisti\u010dka zajednica Slavonskoga Broda i Spomen-dom Dragutina Tadijanovi\u0107a. Budu\u0107i da je dr\u017eavni kviz, osim \u0161kola na\u0161ega \u00a0grada nastupile i \u0161kole iz: Zagreba, Zadra, Petrinje, Koprivnice, Vukovara, \u0110akova, Po\u017eege, Privlake, Pi\u0161korevaca, Vo\u0111inaca i Gar\u010dina. Na\u0161u \u0161kolu je predstavljao tim kojeg smo \u010dinili: <strong>Dora Turkalj (8.a), Antun Simi\u0107 (8.a), Fran Bogdani\u0107 (8.c) i ja, Sara Luji\u0107 (8.b)<\/strong>.<\/p>\n<p>Pripreme za kviz bile su te\u0161ke i zahtjevne i bilo je upitno kako \u0107emo sti\u0107i to sve nau\u010diti uz \u0161kolske obaveze. Naputke smo dobili mjesec dana prije, no prave pripreme su po\u010dele dva tjedna prije kviza. Vikend uo\u010di kviza svi smo zagrijali stolicu jer smo se bojali da to jednostavno ne\u0107emo sti\u0107i nau\u010diti. U prilog nam je i\u0161ao i produ\u017eeni vikend zbog blagdana Svih svetih. Svi smo bili napeti taj tjedan, a ja sam se i sama jako bojala kako \u0107e sve to ispasti. Na\u0161a <strong>mentorica Snje\u017eana Rukavina<\/strong> bila nam je potpora do samog kraja.<\/p>\n<p>Na dan kviza smo svi bili napeti i upla\u0161eni, no ipak smo ohrabrivali jedni druge da \u0107e sve biti u redu i da \u0107emo se dobro zabaviti. Prvo smo oti\u0161li u na\u0161u \u0161kolu, koja je bila doma\u0107in, na uvodni program gdje su be\u0107arce o Tadiji i kvizu otpjevale Vijolice iz \u00a0Gimnazije Matije Mesi\u0107a, mali Fabijan Gabaldo odrecitirao je pjesmu, a na\u0161a ravnateljica Snje\u017eana Vinari\u0107 rekla par rije\u010di o povijesti kviza. Za vrijeme programa jo\u0161 smo ponavljali gradivo.<\/p>\n<p>U na\u0161oj sportskoj dvorani se pisao eliminacijski test. Test smo pisali slo\u017eno, no bilo je malih pote\u0161ko\u0107a. Nakon testa ekipe su podijeljene u dvije skupine. Na\u0161a skupina je i\u0161la u Rastu\u0161je dok je prva skupina i\u0161la u Spomen-dom Dragutina Tadijanovi\u0107a. U Rastu\u0161ju smo posjetili Tadijinu rodnu ku\u0107u te smo u \u0161taglju pored njegove ku\u0107e pogledali film o Tadiji. Film je bio jednostavan, kratak, ali zanimljiv. Posjetili smo i mjesta gdje je pisao svoje pjesme i vidjeli neke motive njegovih pjesama kao \u0161to su potok i vrbe od koje je radio svirale. Nakon tog obilaska smo se ponovno zaputili u Brod gdje smo posjetili Spomen-dom. U Spomen-domu smo vidjeli kako je izgledao njegov stan u Zagrebu. Tu smo vidjeli zanimljive detalje iz Tadijinog stana i \u010duli pri\u010de o tim detaljima kao \u0161to su npr. mali drveni an\u0111eli koje mu je Ivan Goran Kova\u010di\u0107 poslao kad je i\u0161ao u rat. Vidjeli smo i fotografije iz njegove mladosti i sve njegove nagrade i priznanja. Uz sve te zanimljivosti ja sam se u sebi potajno molila da pro\u0111emo dalje. Dugo su nas dr\u017eali u i\u0161\u010dekivanju jer nam je re\u010deno da \u0107emo tek za vrijeme ru\u010dka saznati tko prolazi dalje. Ru\u010dak je bio u Kazamatu u Tvr\u0111avi. Nakon \u0161to smo pojeli ru\u010dak samo su nas jo\u0161 minute dijelile da saznamo jesmo li pro\u0161li dalje ili ne. Nekima je to bilo nebitno, no nama, prvenstveno meni, je to bilo jako bitno jer to je samo pokazatelj koliko sam u\u010dila i prolazak dalje bi bila tolika nagrada da ju nijedna materijalna ne bi mogla zasjeniti. Tako sam ja to shva\u0107ala.<\/p>\n<p>Nakon ru\u010dka su nam napokon rekli rezultate. Dalje su pro\u0161li O\u0160 \u201eSmiljevac\u201c iz Zadra, \u201eBra\u0107e Radi\u0107\u201c iz Koprivnice, \u201eVjekoslav Klai\u0107\u201c iz Gar\u010dina, te na\u0161e slavonskobrodske \u0161kole \u201e\u0110uro Pilar\u201c i \u201eIvan Goran Kova\u010di\u0107\u201c. Mi smo bili 6., i sa samo jednim bodom manje od pete \u0161kole. U jednu ruku smo bili sretni s tako dobrim rezultatom, u drugu ruku smo bili pomalo i ljuti na sebe zbog tog jednog boda. Na\u0161a nastavnica je bila zadovoljna s na\u0161im rezultatom, no ostali u\u010denici iz na\u0161e \u0161kole su bili pomalo razo\u010darani \u0161to nismo pro\u0161li dalje. Sve smo to brzo zaboravili jer smo se ostatak vremena jako, jako dobro zabavljali.Utje\u0161ile su nas i utje\u0161ne nagrade koje smo dobili u Kazamatu. Nakon ru\u010dka su svi i\u0161li u obilazak grada, a mi smo dobili slobodno vrijeme. Za vrijeme slobodnog vremena smo se zabavljali, a i oti\u0161li smo u Algoritam knji\u017earu gdje smo, tako\u0111er, dobili utje\u0161nu nagradu.<\/p>\n<p>U ve\u010dernjim satima se odr\u017eao kviz u Glazbenoj \u0161koli. Za vrijeme kviza smo se svi dobro zabavili jer je atmosfera bila odli\u010dna. U\u010denici koji nisu pro\u0161li dalje su zaplesali slavonsko kolo koje je predvodila Ivana Merkler, nastavnica iz na\u0161e \u0161kole. Me\u0111u plesa\u010dima na\u0161ao se i na\u0161 Fran. U knji\u017eevnom dijelu kviza kroz da\/ne pitalice, kviz u kvizu Jeopardy i pantomimu na\u0161i vr\u0161njaci su pokazali svoje poznavanje pjesnikove biografije i pjesama, a u zabavnom dijelu pjevali su be\u0107arce (tekst smo sami unaprijed smi\u0161ljali) i u ograni\u010denom vremenu jeli <em>slavonski doru\u010dak<\/em>. Kviz je zavr\u0161io pobjedom Zadrana koji su bili u prednosti za jedan bod od O\u0160 \u201eIvan Goran Kova\u010di\u0107\u201c, a na tre\u0107em mjestu su bili u\u010denici iz O\u0160 \u201e\u0110uro Pilar\u201c. Svaki u\u010denik tima osvojio je bicikl (prvo mjesto), mobitel (drugo mjesto) i tablet (tre\u0107e mjesto).<\/p>\n<p>Svi smo ku\u0107i oti\u0161li sretni i zadovoljni jer smo se jako dobro proveli. U\u010denje je vrijedilo jer smo zauzvrat dobili nezaboravno iskustvo i mno\u0161tvo dojmova. Sve brige smo rije\u0161ili zabavom. \u017dao mi je \u0161to na kviz mogu i\u0107i samo jednom jer bih sve to ponovila.<\/p>\n<p style=\"text-align:right;\"><strong>Tekst: Sara Luji\u0107, 8.b<\/strong><\/p>\n<p style=\"text-align:right;\"><strong>Fotografije: Posavska Hrvatska, Ebrod, na\u0161i novinari<\/strong><\/p>\n<div id='gallery-1' class='gallery galleryid-2361 gallery-columns-3 gallery-size-thumbnail'><figure class='gallery-item'>\n\t\t\t<div class='gallery-icon portrait'>\n\t\t\t\t<a href='https:\/\/mojmeteor.com\/imag1594\/'><img loading=\"lazy\" decoding=\"async\" width=\"150\" height=\"150\" src=\"https:\/\/mojmeteor.com\/wp-content\/uploads\/2016\/11\/imag1594-150x150.jpg\" class=\"attachment-thumbnail size-thumbnail\" alt=\"\" aria-describedby=\"gallery-1-2377\" \/><\/a>\n\t\t\t<\/div>\n\t\t\t\t<figcaption class='wp-caption-text gallery-caption' id='gallery-1-2377'>\n\t\t\t\tDanima je na\u0161a nastavnica skupljala u \u0161koli plodove jeseni\n\t\t\t\t<\/figcaption><\/figure><figure class='gallery-item'>\n\t\t\t<div class='gallery-icon portrait'>\n\t\t\t\t<a href='https:\/\/mojmeteor.com\/imag1591\/'><img loading=\"lazy\" decoding=\"async\" width=\"150\" height=\"150\" src=\"https:\/\/mojmeteor.com\/wp-content\/uploads\/2016\/11\/imag1591-150x150.jpg\" class=\"attachment-thumbnail size-thumbnail\" alt=\"\" aria-describedby=\"gallery-1-2376\" \/><\/a>\n\t\t\t<\/div>\n\t\t\t\t<figcaption class='wp-caption-text gallery-caption' id='gallery-1-2376'>\n\t\t\t\tMu\u0161ka pomo\u0107 pri ure\u0111enju pozornice Glazbene \u0161kole\n\t\t\t\t<\/figcaption><\/figure><figure class='gallery-item'>\n\t\t\t<div class='gallery-icon landscape'>\n\t\t\t\t<a href='https:\/\/mojmeteor.com\/tadijanovic1\/'><img loading=\"lazy\" decoding=\"async\" width=\"150\" height=\"150\" src=\"https:\/\/mojmeteor.com\/wp-content\/uploads\/2016\/11\/tadijanovic1-150x150.jpg\" class=\"attachment-thumbnail size-thumbnail\" alt=\"\" aria-describedby=\"gallery-1-2381\" \/><\/a>\n\t\t\t<\/div>\n\t\t\t\t<figcaption class='wp-caption-text gallery-caption' id='gallery-1-2381'>\n\t\t\t\tFabijan i Vijolice otvaraju sve\u010danost\n\t\t\t\t<\/figcaption><\/figure><figure class='gallery-item'>\n\t\t\t<div class='gallery-icon landscape'>\n\t\t\t\t<a href='https:\/\/mojmeteor.com\/04\/'><img loading=\"lazy\" decoding=\"async\" width=\"150\" height=\"150\" src=\"https:\/\/mojmeteor.com\/wp-content\/uploads\/2016\/11\/04-150x150.jpg\" class=\"attachment-thumbnail size-thumbnail\" alt=\"\" aria-describedby=\"gallery-1-2393\" \/><\/a>\n\t\t\t<\/div>\n\t\t\t\t<figcaption class='wp-caption-text gallery-caption' id='gallery-1-2393'>\n\t\t\t\tNa\u0161a ravnateljica govori o povijesti kviza\n\t\t\t\t<\/figcaption><\/figure><figure class='gallery-item'>\n\t\t\t<div class='gallery-icon landscape'>\n\t\t\t\t<a href='https:\/\/mojmeteor.com\/02\/'><img loading=\"lazy\" decoding=\"async\" width=\"150\" height=\"150\" src=\"https:\/\/mojmeteor.com\/wp-content\/uploads\/2016\/11\/02-150x150.jpg\" class=\"attachment-thumbnail size-thumbnail\" alt=\"\" aria-describedby=\"gallery-1-2391\" \/><\/a>\n\t\t\t<\/div>\n\t\t\t\t<figcaption class='wp-caption-text gallery-caption' id='gallery-1-2391'>\n\t\t\t\tNa\u0161i predstavnici: Fran, Dora, Sara i Antun \n\t\t\t\t<\/figcaption><\/figure><figure class='gallery-item'>\n\t\t\t<div class='gallery-icon landscape'>\n\t\t\t\t<a href='https:\/\/mojmeteor.com\/tadijanovic2\/'><img loading=\"lazy\" decoding=\"async\" width=\"150\" height=\"150\" src=\"https:\/\/mojmeteor.com\/wp-content\/uploads\/2016\/11\/tadijanovic2-150x150.jpg\" class=\"attachment-thumbnail size-thumbnail\" alt=\"\" aria-describedby=\"gallery-1-2382\" \/><\/a>\n\t\t\t<\/div>\n\t\t\t\t<figcaption class='wp-caption-text gallery-caption' id='gallery-1-2382'>\n\t\t\t\tUpute pred pisanje eliminacijskoga testa\n\t\t\t\t<\/figcaption><\/figure><figure class='gallery-item'>\n\t\t\t<div class='gallery-icon landscape'>\n\t\t\t\t<a href='https:\/\/mojmeteor.com\/03\/'><img loading=\"lazy\" decoding=\"async\" width=\"150\" height=\"150\" src=\"https:\/\/mojmeteor.com\/wp-content\/uploads\/2016\/11\/03-150x150.jpg\" class=\"attachment-thumbnail size-thumbnail\" alt=\"\" aria-describedby=\"gallery-1-2392\" \/><\/a>\n\t\t\t<\/div>\n\t\t\t\t<figcaption class='wp-caption-text gallery-caption' id='gallery-1-2392'>\n\t\t\t\tSlo\u017eno pisanje eliminacijskoga testa\n\t\t\t\t<\/figcaption><\/figure><figure class='gallery-item'>\n\t\t\t<div class='gallery-icon landscape'>\n\t\t\t\t<a href='https:\/\/mojmeteor.com\/eliminacijski-test\/'><img loading=\"lazy\" decoding=\"async\" width=\"150\" height=\"150\" src=\"https:\/\/mojmeteor.com\/wp-content\/uploads\/2016\/11\/eliminacijski-test-150x150.jpg\" class=\"attachment-thumbnail size-thumbnail\" alt=\"\" aria-describedby=\"gallery-1-2372\" \/><\/a>\n\t\t\t<\/div>\n\t\t\t\t<figcaption class='wp-caption-text gallery-caption' id='gallery-1-2372'>\n\t\t\t\tNastavnica poma\u017ee ili pozira\n\t\t\t\t<\/figcaption><\/figure><figure class='gallery-item'>\n\t\t\t<div class='gallery-icon landscape'>\n\t\t\t\t<a href='https:\/\/mojmeteor.com\/00-5\/'><img loading=\"lazy\" decoding=\"async\" width=\"150\" height=\"150\" src=\"https:\/\/mojmeteor.com\/wp-content\/uploads\/2016\/11\/00-150x150.jpg\" class=\"attachment-thumbnail size-thumbnail\" alt=\"\" aria-describedby=\"gallery-1-2389\" \/><\/a>\n\t\t\t<\/div>\n\t\t\t\t<figcaption class='wp-caption-text gallery-caption' id='gallery-1-2389'>\n\t\t\t\tDvije Ivane i Dajana, tri prof. HJ ispravljaju testove\n\t\t\t\t<\/figcaption><\/figure><figure class='gallery-item'>\n\t\t\t<div class='gallery-icon landscape'>\n\t\t\t\t<a href='https:\/\/mojmeteor.com\/tadijanovic3\/'><img loading=\"lazy\" decoding=\"async\" width=\"150\" height=\"150\" src=\"https:\/\/mojmeteor.com\/wp-content\/uploads\/2016\/11\/tadijanovic3-150x150.jpg\" class=\"attachment-thumbnail size-thumbnail\" alt=\"\" aria-describedby=\"gallery-1-2383\" \/><\/a>\n\t\t\t<\/div>\n\t\t\t\t<figcaption class='wp-caption-text gallery-caption' id='gallery-1-2383'>\n\t\t\t\tPred Tadijinom ku\u0107om u Rastu\u0161ju\n\t\t\t\t<\/figcaption><\/figure><figure class='gallery-item'>\n\t\t\t<div class='gallery-icon landscape'>\n\t\t\t\t<a href='https:\/\/mojmeteor.com\/tadijanovic4\/'><img loading=\"lazy\" decoding=\"async\" width=\"150\" height=\"150\" src=\"https:\/\/mojmeteor.com\/wp-content\/uploads\/2016\/11\/tadijanovic4-150x150.jpg\" class=\"attachment-thumbnail size-thumbnail\" alt=\"\" aria-describedby=\"gallery-1-2384\" \/><\/a>\n\t\t\t<\/div>\n\t\t\t\t<figcaption class='wp-caption-text gallery-caption' id='gallery-1-2384'>\n\t\t\t\tSara i Dora u prvim redovima slu\u0161aju o Tadijinom Rastu\u0161ju\n\t\t\t\t<\/figcaption><\/figure><figure class='gallery-item'>\n\t\t\t<div class='gallery-icon landscape'>\n\t\t\t\t<a href='https:\/\/mojmeteor.com\/imag1595\/'><img loading=\"lazy\" decoding=\"async\" width=\"150\" height=\"150\" src=\"https:\/\/mojmeteor.com\/wp-content\/uploads\/2016\/11\/imag1595-150x150.jpg\" class=\"attachment-thumbnail size-thumbnail\" alt=\"\" aria-describedby=\"gallery-1-2378\" \/><\/a>\n\t\t\t<\/div>\n\t\t\t\t<figcaption class='wp-caption-text gallery-caption' id='gallery-1-2378'>\n\t\t\t\tDvorana Glazbene \u0161kole i\u0161\u010dekuje natjecatelje\n\t\t\t\t<\/figcaption><\/figure><figure class='gallery-item'>\n\t\t\t<div class='gallery-icon landscape'>\n\t\t\t\t<a href='https:\/\/mojmeteor.com\/povjerenstvo\/'><img loading=\"lazy\" decoding=\"async\" width=\"150\" height=\"150\" src=\"https:\/\/mojmeteor.com\/wp-content\/uploads\/2016\/11\/povjerenstvo-150x150.jpg\" class=\"attachment-thumbnail size-thumbnail\" alt=\"\" aria-describedby=\"gallery-1-2375\" \/><\/a>\n\t\t\t<\/div>\n\t\t\t\t<figcaption class='wp-caption-text gallery-caption' id='gallery-1-2375'>\n\t\t\t\t\u010clanovi povjerenstva: Mirna Grubanovi\u0107, Nikola Kramar i Dajana Breznik\n\t\t\t\t<\/figcaption><\/figure><figure class='gallery-item'>\n\t\t\t<div class='gallery-icon landscape'>\n\t\t\t\t<a href='https:\/\/mojmeteor.com\/tadijanovic5\/'><img loading=\"lazy\" decoding=\"async\" width=\"150\" height=\"150\" src=\"https:\/\/mojmeteor.com\/wp-content\/uploads\/2016\/11\/tadijanovic5-150x150.jpg\" class=\"attachment-thumbnail size-thumbnail\" alt=\"\" aria-describedby=\"gallery-1-2385\" \/><\/a>\n\t\t\t<\/div>\n\t\t\t\t<figcaption class='wp-caption-text gallery-caption' id='gallery-1-2385'>\n\t\t\t\tVoditelj Matej Safund\u017ei\u0107 je briljirao&#8230;\n\t\t\t\t<\/figcaption><\/figure><figure class='gallery-item'>\n\t\t\t<div class='gallery-icon landscape'>\n\t\t\t\t<a href='https:\/\/mojmeteor.com\/k1\/'><img loading=\"lazy\" decoding=\"async\" width=\"150\" height=\"150\" src=\"https:\/\/mojmeteor.com\/wp-content\/uploads\/2016\/11\/k1-150x150.jpg\" class=\"attachment-thumbnail size-thumbnail\" alt=\"\" aria-describedby=\"gallery-1-2374\" \/><\/a>\n\t\t\t<\/div>\n\t\t\t\t<figcaption class='wp-caption-text gallery-caption' id='gallery-1-2374'>\n\t\t\t\t&#8230; i nasmijavao nas svojim komentarima\n\t\t\t\t<\/figcaption><\/figure><figure class='gallery-item'>\n\t\t\t<div class='gallery-icon landscape'>\n\t\t\t\t<a href='https:\/\/mojmeteor.com\/tadijanovic7\/'><img loading=\"lazy\" decoding=\"async\" width=\"150\" height=\"150\" src=\"https:\/\/mojmeteor.com\/wp-content\/uploads\/2016\/11\/tadijanovic7-150x150.jpg\" class=\"attachment-thumbnail size-thumbnail\" alt=\"\" aria-describedby=\"gallery-1-2387\" \/><\/a>\n\t\t\t<\/div>\n\t\t\t\t<figcaption class='wp-caption-text gallery-caption' id='gallery-1-2387'>\n\t\t\t\tFrana je publika nagradila ovacijama za vrhunsku interpretaciju Tadijine &#8220;Satima sam stajao pred plo\u010dom&#8221;\n\t\t\t\t<\/figcaption><\/figure><figure class='gallery-item'>\n\t\t\t<div class='gallery-icon landscape'>\n\t\t\t\t<a href='https:\/\/mojmeteor.com\/tadijanovic8\/'><img loading=\"lazy\" decoding=\"async\" width=\"150\" height=\"150\" src=\"https:\/\/mojmeteor.com\/wp-content\/uploads\/2016\/11\/tadijanovic8-150x150.jpg\" class=\"attachment-thumbnail size-thumbnail\" alt=\"\" aria-describedby=\"gallery-1-2388\" \/><\/a>\n\t\t\t<\/div>\n\t\t\t\t<figcaption class='wp-caption-text gallery-caption' id='gallery-1-2388'>\n\t\t\t\tSlavonsko kolo&#8230; u koje su se uskoro uklju\u010dili mnogi u\u010denici\n\t\t\t\t<\/figcaption><\/figure><figure class='gallery-item'>\n\t\t\t<div class='gallery-icon landscape'>\n\t\t\t\t<a href='https:\/\/mojmeteor.com\/tadijanovic6\/'><img loading=\"lazy\" decoding=\"async\" width=\"150\" height=\"150\" src=\"https:\/\/mojmeteor.com\/wp-content\/uploads\/2016\/11\/tadijanovic6-150x150.jpg\" class=\"attachment-thumbnail size-thumbnail\" alt=\"\" aria-describedby=\"gallery-1-2386\" \/><\/a>\n\t\t\t<\/div>\n\t\t\t\t<figcaption class='wp-caption-text gallery-caption' id='gallery-1-2386'>\n\t\t\t\tFAB na \u010delu s na\u0161im nastavnikom Nikolom\n\t\t\t\t<\/figcaption><\/figure><figure class='gallery-item'>\n\t\t\t<div class='gallery-icon landscape'>\n\t\t\t\t<a href='https:\/\/mojmeteor.com\/k\/'><img loading=\"lazy\" decoding=\"async\" width=\"150\" height=\"150\" src=\"https:\/\/mojmeteor.com\/wp-content\/uploads\/2016\/11\/k-150x150.jpg\" class=\"attachment-thumbnail size-thumbnail\" alt=\"\" aria-describedby=\"gallery-1-2373\" \/><\/a>\n\t\t\t<\/div>\n\t\t\t\t<figcaption class='wp-caption-text gallery-caption' id='gallery-1-2373'>\n\t\t\t\tPuna dvorana Glazbene \u0161kole\n\t\t\t\t<\/figcaption><\/figure><figure class='gallery-item'>\n\t\t\t<div class='gallery-icon portrait'>\n\t\t\t\t<a href='https:\/\/mojmeteor.com\/011\/'><img loading=\"lazy\" decoding=\"async\" width=\"150\" height=\"150\" src=\"https:\/\/mojmeteor.com\/wp-content\/uploads\/2016\/11\/0111-150x150.jpg\" class=\"attachment-thumbnail size-thumbnail\" alt=\"\" aria-describedby=\"gallery-1-2411\" \/><\/a>\n\t\t\t<\/div>\n\t\t\t\t<figcaption class='wp-caption-text gallery-caption' id='gallery-1-2411'>\n\t\t\t\tNa\u0161a nastavnica Marija i voditelj Matej si \u010destitaju na odli\u010dnoj suradnji\n\t\t\t\t<\/figcaption><\/figure>\n\t\t<\/div>\n\n<p>&nbsp;<\/p>\n<p style=\"text-align:right;\">\n","protected":false},"excerpt":{"rendered":"<p>Nakon eliminacijskoga ispita i u Rastu\u0161ju, i u Tadijinom Spomen-domu potajno smo se molili da pro\u0111emo na kviz.<\/p>\n","protected":false},"author":1,"featured_media":2388,"comment_status":"open","ping_status":"open","sticky":false,"template":"","format":"standard","meta":{"footnotes":""},"categories":[2],"tags":[],"class_list":["post-2361","post","type-post","status-publish","format-standard","has-post-thumbnail","hentry","category-dogadanja"],"jetpack_sharing_enabled":true,"jetpack_featured_media_url":"https:\/\/mojmeteor.com\/wp-content\/uploads\/2016\/11\/tadijanovic8.jpg","jetpack-related-posts":[{"id":5803,"url":"https:\/\/mojmeteor.com\/index.php\/2019\/11\/15\/4-drzavni-kviz-o-zivotu-i-djelu-dragutina-tadijanovica\/","url_meta":{"origin":2361,"position":0},"title":"4. dr\u017eavni Kviz o \u017eivotu i djelu Dragutina Tadijanovi\u0107a","author":"admin","date":"15\/11\/2019","format":false,"excerpt":"Samo nas je jedan bod dijelio od prolaska u finale kviza o na\u0161em pjesniku Tadiji","rel":"","context":"In &quot;Doga\u0111anja&quot;","block_context":{"text":"Doga\u0111anja","link":"https:\/\/mojmeteor.com\/index.php\/category\/dogadanja\/"},"img":{"alt_text":"","src":"https:\/\/i0.wp.com\/mojmeteor.com\/wp-content\/uploads\/2020\/02\/k1-scaled.jpg?resize=350%2C200&ssl=1","width":350,"height":200,"srcset":"https:\/\/i0.wp.com\/mojmeteor.com\/wp-content\/uploads\/2020\/02\/k1-scaled.jpg?resize=350%2C200&ssl=1 1x, https:\/\/i0.wp.com\/mojmeteor.com\/wp-content\/uploads\/2020\/02\/k1-scaled.jpg?resize=525%2C300&ssl=1 1.5x, https:\/\/i0.wp.com\/mojmeteor.com\/wp-content\/uploads\/2020\/02\/k1-scaled.jpg?resize=700%2C400&ssl=1 2x, https:\/\/i0.wp.com\/mojmeteor.com\/wp-content\/uploads\/2020\/02\/k1-scaled.jpg?resize=1050%2C600&ssl=1 3x, https:\/\/i0.wp.com\/mojmeteor.com\/wp-content\/uploads\/2020\/02\/k1-scaled.jpg?resize=1400%2C800&ssl=1 4x"},"classes":[]},{"id":4579,"url":"https:\/\/mojmeteor.com\/index.php\/2017\/11\/05\/drugi-drzavni-kviz-o-tadiji\/","url_meta":{"origin":2361,"position":1},"title":"Drugi dr\u017eavni kviz o Tadiji","author":"admin","date":"05\/11\/2017","format":false,"excerpt":"Uz Tadijin 112. ro\u0111endan 28 ekipa iz Hrvatske se natjecalo u poznavanju \u017eivota i djela na\u0161ega pjesnika.","rel":"","context":"In &quot;Doga\u0111anja&quot;","block_context":{"text":"Doga\u0111anja","link":"https:\/\/mojmeteor.com\/index.php\/category\/dogadanja\/"},"img":{"alt_text":"","src":"https:\/\/i0.wp.com\/mojmeteor.com\/wp-content\/uploads\/2017\/11\/5.jpg?resize=350%2C200&ssl=1","width":350,"height":200,"srcset":"https:\/\/i0.wp.com\/mojmeteor.com\/wp-content\/uploads\/2017\/11\/5.jpg?resize=350%2C200&ssl=1 1x, https:\/\/i0.wp.com\/mojmeteor.com\/wp-content\/uploads\/2017\/11\/5.jpg?resize=525%2C300&ssl=1 1.5x"},"classes":[]},{"id":8239,"url":"https:\/\/mojmeteor.com\/index.php\/2023\/11\/15\/kviz-o-tadiji-2023-proslavili-rodendan-uz-koktel-srce-je-moje-zaljubljeno\/","url_meta":{"origin":2361,"position":2},"title":"KVIZ O TADIJI 2023.: Proslavili ro\u0111endan uz koktel &#8220;Srce je moje zaljubljeno&#8221;","author":"admin","date":"15\/11\/2023","format":false,"excerpt":"Ponovno smo, nakon prekida zbog koronavirusa, u na\u0161oj \u0161koli odr\u017eali Knji\u017eevno-zabavni kviz o \u017eivotu i djelu Dragutina Tadijanovi\u0107a u sklopu pete knji\u017eevne manifestacije Tadijine jeseni 2023.","rel":"","context":"In &quot;Zabava&quot;","block_context":{"text":"Zabava","link":"https:\/\/mojmeteor.com\/index.php\/category\/zabava\/"},"img":{"alt_text":"","src":"https:\/\/i0.wp.com\/mojmeteor.com\/wp-content\/uploads\/2023\/11\/img_7511-scaled.jpg?resize=350%2C200&ssl=1","width":350,"height":200,"srcset":"https:\/\/i0.wp.com\/mojmeteor.com\/wp-content\/uploads\/2023\/11\/img_7511-scaled.jpg?resize=350%2C200&ssl=1 1x, https:\/\/i0.wp.com\/mojmeteor.com\/wp-content\/uploads\/2023\/11\/img_7511-scaled.jpg?resize=525%2C300&ssl=1 1.5x, https:\/\/i0.wp.com\/mojmeteor.com\/wp-content\/uploads\/2023\/11\/img_7511-scaled.jpg?resize=700%2C400&ssl=1 2x, https:\/\/i0.wp.com\/mojmeteor.com\/wp-content\/uploads\/2023\/11\/img_7511-scaled.jpg?resize=1050%2C600&ssl=1 3x, https:\/\/i0.wp.com\/mojmeteor.com\/wp-content\/uploads\/2023\/11\/img_7511-scaled.jpg?resize=1400%2C800&ssl=1 4x"},"classes":[]},{"id":9305,"url":"https:\/\/mojmeteor.com\/index.php\/2025\/11\/07\/tadijine-jeseni-2025-devetnaest-skola-na-regionalnom-knjizevno-zabavnom-kvizu-o-tadiji\/","url_meta":{"origin":2361,"position":3},"title":"TADIJINE JESENI 2025.: Devetnaest \u0161kola na regionalnom Knji\u017eevno-zabavnom kvizu o Tadiji","author":"admin","date":"07\/11\/2025","format":false,"excerpt":"Na cjelodnevnoj sve\u010danosti uz 120. Tadijin ro\u0111endan koji zavr\u0161i kvizom, osma\u0161i su otkrili kako knji\u017eevnost mo\u017ee biti zabavna kada se u\u010di kroz igru i zajedni\u010dko dru\u017eenje","rel":"","context":"In &quot;Zabava&quot;","block_context":{"text":"Zabava","link":"https:\/\/mojmeteor.com\/index.php\/category\/zabava\/"},"img":{"alt_text":"","src":"https:\/\/i0.wp.com\/mojmeteor.com\/wp-content\/uploads\/2025\/11\/IMG_20251105_120303-scaled.jpg?resize=350%2C200&ssl=1","width":350,"height":200,"srcset":"https:\/\/i0.wp.com\/mojmeteor.com\/wp-content\/uploads\/2025\/11\/IMG_20251105_120303-scaled.jpg?resize=350%2C200&ssl=1 1x, https:\/\/i0.wp.com\/mojmeteor.com\/wp-content\/uploads\/2025\/11\/IMG_20251105_120303-scaled.jpg?resize=525%2C300&ssl=1 1.5x, https:\/\/i0.wp.com\/mojmeteor.com\/wp-content\/uploads\/2025\/11\/IMG_20251105_120303-scaled.jpg?resize=700%2C400&ssl=1 2x, https:\/\/i0.wp.com\/mojmeteor.com\/wp-content\/uploads\/2025\/11\/IMG_20251105_120303-scaled.jpg?resize=1050%2C600&ssl=1 3x, https:\/\/i0.wp.com\/mojmeteor.com\/wp-content\/uploads\/2025\/11\/IMG_20251105_120303-scaled.jpg?resize=1400%2C800&ssl=1 4x"},"classes":[]},{"id":8290,"url":"https:\/\/mojmeteor.com\/index.php\/2023\/11\/15\/biblioterapijska-radionica-uz-tadijine-jeseni-tadija-se-ispisao-s-prvobitnog-fakulteta\/","url_meta":{"origin":2361,"position":4},"title":"Biblioterapijska radionica uz Tadijine jeseni: Tadija se ispisao s prvobitnog fakulteta?!","author":"admin","date":"15\/11\/2023","format":false,"excerpt":"Biblioterapijsku radionicu o odrastanju Dragutina Tadijanovi\u0107a San srebrom okovan vodila je na\u0161a nastavnica Marija \u010calu\u0161i\u0107, a kroz Spomen-dom Dragutina Tadijanovi\u0107a u kojem se radionica odr\u017eavala kustosica Dajana Breznik","rel":"","context":"In &quot;Doga\u0111anja&quot;","block_context":{"text":"Doga\u0111anja","link":"https:\/\/mojmeteor.com\/index.php\/category\/dogadanja\/"},"img":{"alt_text":"","src":"https:\/\/i0.wp.com\/mojmeteor.com\/wp-content\/uploads\/2023\/11\/fb_img_1699563054875.jpg?resize=350%2C200&ssl=1","width":350,"height":200,"srcset":"https:\/\/i0.wp.com\/mojmeteor.com\/wp-content\/uploads\/2023\/11\/fb_img_1699563054875.jpg?resize=350%2C200&ssl=1 1x, https:\/\/i0.wp.com\/mojmeteor.com\/wp-content\/uploads\/2023\/11\/fb_img_1699563054875.jpg?resize=525%2C300&ssl=1 1.5x, https:\/\/i0.wp.com\/mojmeteor.com\/wp-content\/uploads\/2023\/11\/fb_img_1699563054875.jpg?resize=700%2C400&ssl=1 2x"},"classes":[]},{"id":6713,"url":"https:\/\/mojmeteor.com\/index.php\/2021\/11\/17\/tadijine-jeseni-2021-biblioterapijska-radionica-san-srebrom-okovan\/","url_meta":{"origin":2361,"position":5},"title":"TADIJINE JESENI 2021.: Biblioterapijska radionica San srebrom okovan","author":"admin","date":"17\/11\/2021","format":false,"excerpt":"U\u010denici\u00a0sedmih i osmih razreda\u00a0O\u0160 Antuna Mihanovi\u0107a\u00a0sudjelovali su u\u00a0Biblioterapijskoj\u00a0radionici\u00a0San srebrom okovan\u00a0odr\u017eanoj u\u00a0Spomen-domu\u00a0Dragutina Tadijanovi\u0107a\u00a0u sklopu III. knji\u017eevne mmanifestacije Tadijine jeseni","rel":"","context":"In &quot;Doga\u0111anja&quot;","block_context":{"text":"Doga\u0111anja","link":"https:\/\/mojmeteor.com\/index.php\/category\/dogadanja\/"},"img":{"alt_text":"","src":"https:\/\/i0.wp.com\/mojmeteor.com\/wp-content\/uploads\/2021\/11\/t2.jpg?resize=350%2C200&ssl=1","width":350,"height":200,"srcset":"https:\/\/i0.wp.com\/mojmeteor.com\/wp-content\/uploads\/2021\/11\/t2.jpg?resize=350%2C200&ssl=1 1x, https:\/\/i0.wp.com\/mojmeteor.com\/wp-content\/uploads\/2021\/11\/t2.jpg?resize=525%2C300&ssl=1 1.5x, https:\/\/i0.wp.com\/mojmeteor.com\/wp-content\/uploads\/2021\/11\/t2.jpg?resize=700%2C400&ssl=1 2x"},"classes":[]}],"_links":{"self":[{"href":"https:\/\/mojmeteor.com\/index.php\/wp-json\/wp\/v2\/posts\/2361","targetHints":{"allow":["GET"]}}],"collection":[{"href":"https:\/\/mojmeteor.com\/index.php\/wp-json\/wp\/v2\/posts"}],"about":[{"href":"https:\/\/mojmeteor.com\/index.php\/wp-json\/wp\/v2\/types\/post"}],"author":[{"embeddable":true,"href":"https:\/\/mojmeteor.com\/index.php\/wp-json\/wp\/v2\/users\/1"}],"replies":[{"embeddable":true,"href":"https:\/\/mojmeteor.com\/index.php\/wp-json\/wp\/v2\/comments?post=2361"}],"version-history":[{"count":0,"href":"https:\/\/mojmeteor.com\/index.php\/wp-json\/wp\/v2\/posts\/2361\/revisions"}],"wp:featuredmedia":[{"embeddable":true,"href":"https:\/\/mojmeteor.com\/index.php\/wp-json\/wp\/v2\/media\/2388"}],"wp:attachment":[{"href":"https:\/\/mojmeteor.com\/index.php\/wp-json\/wp\/v2\/media?parent=2361"}],"wp:term":[{"taxonomy":"category","embeddable":true,"href":"https:\/\/mojmeteor.com\/index.php\/wp-json\/wp\/v2\/categories?post=2361"},{"taxonomy":"post_tag","embeddable":true,"href":"https:\/\/mojmeteor.com\/index.php\/wp-json\/wp\/v2\/tags?post=2361"}],"curies":[{"name":"wp","href":"https:\/\/api.w.org\/{rel}","templated":true}]}}