{"id":4770,"date":"2017-12-05T15:31:10","date_gmt":"2017-12-05T14:31:10","guid":{"rendered":"https:\/\/mojmeteor.wordpress.com\/?p=4770"},"modified":"2017-12-05T15:31:10","modified_gmt":"2017-12-05T14:31:10","slug":"pametne-skole","status":"publish","type":"post","link":"https:\/\/mojmeteor.com\/index.php\/2017\/12\/05\/pametne-skole\/","title":{"rendered":"Pametne \u0161kole"},"content":{"rendered":"<div id='gallery-1' class='gallery galleryid-4770 gallery-columns-3 gallery-size-thumbnail'><figure class='gallery-item'>\n\t\t\t<div class='gallery-icon landscape'>\n\t\t\t\t<a href='https:\/\/mojmeteor.com\/p3-2\/'><img loading=\"lazy\" decoding=\"async\" width=\"150\" height=\"150\" src=\"https:\/\/mojmeteor.com\/wp-content\/uploads\/2017\/12\/p3-150x150.jpg\" class=\"attachment-thumbnail size-thumbnail\" alt=\"\" \/><\/a>\n\t\t\t<\/div><\/figure><figure class='gallery-item'>\n\t\t\t<div class='gallery-icon landscape'>\n\t\t\t\t<a href='https:\/\/mojmeteor.com\/p2-3\/'><img loading=\"lazy\" decoding=\"async\" width=\"150\" height=\"150\" src=\"https:\/\/mojmeteor.com\/wp-content\/uploads\/2017\/12\/p2-150x150.jpg\" class=\"attachment-thumbnail size-thumbnail\" alt=\"\" \/><\/a>\n\t\t\t<\/div><\/figure><figure class='gallery-item'>\n\t\t\t<div class='gallery-icon landscape'>\n\t\t\t\t<a href='https:\/\/mojmeteor.com\/p1-4\/'><img loading=\"lazy\" decoding=\"async\" width=\"150\" height=\"150\" src=\"https:\/\/mojmeteor.com\/wp-content\/uploads\/2017\/12\/p1-150x150.jpg\" class=\"attachment-thumbnail size-thumbnail\" alt=\"\" \/><\/a>\n\t\t\t<\/div><\/figure>\n\t\t<\/div>\n\n<p>U okviru IPA INTERREG projekta <em>Pametne \u0161kole<\/em> u kojemu sudjeluje i na\u0161a \u0161kola, 5. prosinca 2017.\u00a0 je u Tuzli odr\u017eano regionalno natjecanje \u0161kola <em>Navike promijeni \u2013 \u0161kolu opremi<\/em>. Cilj natjecanja je promocija energetske efikasnosti i u\u0161tede energije i vode bez ikakvih dodatnih investicija, samo promjenom pona\u0161anja korisnika ustanova, a u projektu sudjeluju timovi ukupno 105 \u0161kola, i to 81 \u0161kole iz Tuzlanskog kantona (BiH) i 24 \u0161kole iz Brodsko-posavske \u017eupanije (HR).<\/p>\n<p>Prvo natjecanje je samo jedno u nizu natjecanja koja \u0107e biti uprili\u010dena u projektnoj regiji \u2013 Tuzlanskom kantonu i Brodsko-posavskoj \u017eupaniji, a koja \u0107e trajati od 1. prosinca 2017. do 31. o\u017eujka 2018. godine.<\/p>\n<p>Realizacija projekta <em>Pametne \u0161kole<\/em> prilika je da, osim tehni\u010dkog opremanja \u0161kolskih ustanova, i educiramo na\u0161e najmla\u0111e, djecu, ali i sve ostale, te da podignemo ukupnu svijest na\u0161ih gra\u0111ana o neophodnosti za\u0161tite \u017eivotne sredine i energetskoj u\u010dinkovitosti.<\/p>\n<p>Na kraju zapo\u010detog natjecanja bit \u0107e progla\u0161ene dvije \u0161kole pobjednice \u2013 jedna u Tuzlanskom kantonu, a druga u Brodsko-posavskoj \u017eupaniji. Njima \u0107e pripasti i prikladne nagrade,\u00a0 fotonaponski sustavi za proizvodnju elektri\u010dne energije i solarni laboratoriji.<\/p>\n<p>Stoga dragi u\u010denici trudite se sa\u010duvati \u0161to ve\u0107u koli\u010dinu energije samo promjenom pona\u0161anja.<\/p>\n<p style=\"text-align:right;\">Ivana Brki\u0107 Klimpak<\/p>\n","protected":false},"excerpt":{"rendered":"<p>I na\u0161a je \u0161kola sudjelovala na regionalnom natjecanju u Tuzli &#8220;Navike promijeni &#8211; \u0161kolu opremi&#8221;.<\/p>\n","protected":false},"author":1,"featured_media":4772,"comment_status":"open","ping_status":"open","sticky":false,"template":"","format":"standard","meta":{"footnotes":""},"categories":[8],"tags":[],"class_list":["post-4770","post","type-post","status-publish","format-standard","has-post-thumbnail","hentry","category-zanimljivosti"],"jetpack_sharing_enabled":true,"jetpack_featured_media_url":"https:\/\/mojmeteor.com\/wp-content\/uploads\/2017\/12\/p2.jpg","jetpack-related-posts":[{"id":8916,"url":"https:\/\/mojmeteor.com\/index.php\/2025\/02\/10\/projektna-suradnja-na-predstavljanju-projekta-bastina-struke\/","url_meta":{"origin":4770,"position":0},"title":"SURADNJA: Na predstavljanju projekta\u00a0Ba\u0161tina stRUKE \u00a0","author":"admin","date":"10\/02\/2025","format":false,"excerpt":"Projektni cilj je izrada inovativnih proizvoda s turisti\u010dkim potencijalom gastro suvenira i proizvoda temeljenih na tradiciji, ali predstavljenih na moderan na\u010din","rel":"","context":"In &quot;Projekti&quot;","block_context":{"text":"Projekti","link":"https:\/\/mojmeteor.com\/index.php\/category\/projekti\/"},"img":{"alt_text":"","src":"https:\/\/i0.wp.com\/mojmeteor.com\/wp-content\/uploads\/2025\/02\/IMG-cd3f25cdb70ca536a5b49aeaea5c2ffd-V.jpg?resize=350%2C200&ssl=1","width":350,"height":200,"srcset":"https:\/\/i0.wp.com\/mojmeteor.com\/wp-content\/uploads\/2025\/02\/IMG-cd3f25cdb70ca536a5b49aeaea5c2ffd-V.jpg?resize=350%2C200&ssl=1 1x, https:\/\/i0.wp.com\/mojmeteor.com\/wp-content\/uploads\/2025\/02\/IMG-cd3f25cdb70ca536a5b49aeaea5c2ffd-V.jpg?resize=525%2C300&ssl=1 1.5x, https:\/\/i0.wp.com\/mojmeteor.com\/wp-content\/uploads\/2025\/02\/IMG-cd3f25cdb70ca536a5b49aeaea5c2ffd-V.jpg?resize=700%2C400&ssl=1 2x, https:\/\/i0.wp.com\/mojmeteor.com\/wp-content\/uploads\/2025\/02\/IMG-cd3f25cdb70ca536a5b49aeaea5c2ffd-V.jpg?resize=1050%2C600&ssl=1 3x"},"classes":[]},{"id":1271,"url":"https:\/\/mojmeteor.com\/index.php\/2016\/04\/16\/vii-brodska-skola-fizike\/","url_meta":{"origin":4770,"position":1},"title":"VII. Brodska \u0161kola fizike","author":"admin","date":"16\/04\/2016","format":false,"excerpt":"I ove godine u velikome smo se broju (64 u\u010denika) odazvali na Brodsku \u0161kolu fizike.","rel":"","context":"In &quot;Doga\u0111anja&quot;","block_context":{"text":"Doga\u0111anja","link":"https:\/\/mojmeteor.com\/index.php\/category\/dogadanja\/"},"img":{"alt_text":"","src":"https:\/\/i0.wp.com\/mojmeteor.com\/wp-content\/uploads\/2016\/05\/0.jpg?resize=350%2C200&ssl=1","width":350,"height":200,"srcset":"https:\/\/i0.wp.com\/mojmeteor.com\/wp-content\/uploads\/2016\/05\/0.jpg?resize=350%2C200&ssl=1 1x, https:\/\/i0.wp.com\/mojmeteor.com\/wp-content\/uploads\/2016\/05\/0.jpg?resize=525%2C300&ssl=1 1.5x, https:\/\/i0.wp.com\/mojmeteor.com\/wp-content\/uploads\/2016\/05\/0.jpg?resize=700%2C400&ssl=1 2x"},"classes":[]},{"id":8239,"url":"https:\/\/mojmeteor.com\/index.php\/2023\/11\/15\/kviz-o-tadiji-2023-proslavili-rodendan-uz-koktel-srce-je-moje-zaljubljeno\/","url_meta":{"origin":4770,"position":2},"title":"KVIZ O TADIJI 2023.: Proslavili ro\u0111endan uz koktel &#8220;Srce je moje zaljubljeno&#8221;","author":"admin","date":"15\/11\/2023","format":false,"excerpt":"Ponovno smo, nakon prekida zbog koronavirusa, u na\u0161oj \u0161koli odr\u017eali Knji\u017eevno-zabavni kviz o \u017eivotu i djelu Dragutina Tadijanovi\u0107a u sklopu pete knji\u017eevne manifestacije Tadijine jeseni 2023.","rel":"","context":"In &quot;Zabava&quot;","block_context":{"text":"Zabava","link":"https:\/\/mojmeteor.com\/index.php\/category\/zabava\/"},"img":{"alt_text":"","src":"https:\/\/i0.wp.com\/mojmeteor.com\/wp-content\/uploads\/2023\/11\/img_7511-scaled.jpg?resize=350%2C200&ssl=1","width":350,"height":200,"srcset":"https:\/\/i0.wp.com\/mojmeteor.com\/wp-content\/uploads\/2023\/11\/img_7511-scaled.jpg?resize=350%2C200&ssl=1 1x, https:\/\/i0.wp.com\/mojmeteor.com\/wp-content\/uploads\/2023\/11\/img_7511-scaled.jpg?resize=525%2C300&ssl=1 1.5x, https:\/\/i0.wp.com\/mojmeteor.com\/wp-content\/uploads\/2023\/11\/img_7511-scaled.jpg?resize=700%2C400&ssl=1 2x, https:\/\/i0.wp.com\/mojmeteor.com\/wp-content\/uploads\/2023\/11\/img_7511-scaled.jpg?resize=1050%2C600&ssl=1 3x, https:\/\/i0.wp.com\/mojmeteor.com\/wp-content\/uploads\/2023\/11\/img_7511-scaled.jpg?resize=1400%2C800&ssl=1 4x"},"classes":[]},{"id":1387,"url":"https:\/\/mojmeteor.com\/index.php\/2016\/05\/11\/matematicko-natjecanje\/","url_meta":{"origin":4770,"position":3},"title":"Matemati\u010dko natjecanje","author":"admin","date":"11\/05\/2016","format":false,"excerpt":"\u017dupanijsko ekipno natjecanje iz matematike, koje je pokrenula na\u0161a \u0161kola, odr\u017ealo se 7. svibnja 2016.","rel":"","context":"In &quot;Nastava&quot;","block_context":{"text":"Nastava","link":"https:\/\/mojmeteor.com\/index.php\/category\/nastava\/"},"img":{"alt_text":"","src":"https:\/\/i0.wp.com\/mojmeteor.com\/wp-content\/uploads\/2016\/05\/m2.jpg?resize=350%2C200&ssl=1","width":350,"height":200,"srcset":"https:\/\/i0.wp.com\/mojmeteor.com\/wp-content\/uploads\/2016\/05\/m2.jpg?resize=350%2C200&ssl=1 1x, https:\/\/i0.wp.com\/mojmeteor.com\/wp-content\/uploads\/2016\/05\/m2.jpg?resize=525%2C300&ssl=1 1.5x, https:\/\/i0.wp.com\/mojmeteor.com\/wp-content\/uploads\/2016\/05\/m2.jpg?resize=700%2C400&ssl=1 2x"},"classes":[]},{"id":8740,"url":"https:\/\/mojmeteor.com\/index.php\/2024\/05\/27\/9-zenim-za-dlaku-medu-prva-tri\/","url_meta":{"origin":4770,"position":4},"title":"9. \u017dENIM: Za dlaku me\u0111u prva tri","author":"admin","date":"27\/05\/2024","format":false,"excerpt":"Jedanaest ekipa na devetom \u017dupanijskom ekipnom natjecanju iz Matematike za u\u010denike 4. razreda","rel":"","context":"In &quot;Doga\u0111anja&quot;","block_context":{"text":"Doga\u0111anja","link":"https:\/\/mojmeteor.com\/index.php\/category\/dogadanja\/"},"img":{"alt_text":"","src":"https:\/\/i0.wp.com\/mojmeteor.com\/wp-content\/uploads\/2024\/06\/Nagrade.jpg?resize=350%2C200&ssl=1","width":350,"height":200,"srcset":"https:\/\/i0.wp.com\/mojmeteor.com\/wp-content\/uploads\/2024\/06\/Nagrade.jpg?resize=350%2C200&ssl=1 1x, https:\/\/i0.wp.com\/mojmeteor.com\/wp-content\/uploads\/2024\/06\/Nagrade.jpg?resize=525%2C300&ssl=1 1.5x, https:\/\/i0.wp.com\/mojmeteor.com\/wp-content\/uploads\/2024\/06\/Nagrade.jpg?resize=700%2C400&ssl=1 2x"},"classes":[]},{"id":4516,"url":"https:\/\/mojmeteor.com\/index.php\/2017\/10\/23\/budi-volonter\/","url_meta":{"origin":4770,"position":5},"title":"Budi volonter","author":"admin","date":"23\/10\/2017","format":false,"excerpt":"Odr\u017eane radionice Budi volonter u sklopu projekta Eko-Eko Volonterko.","rel":"","context":"In &quot;Nastava&quot;","block_context":{"text":"Nastava","link":"https:\/\/mojmeteor.com\/index.php\/category\/nastava\/"},"img":{"alt_text":"","src":"https:\/\/i0.wp.com\/mojmeteor.com\/wp-content\/uploads\/2017\/10\/b11.jpg?resize=350%2C200&ssl=1","width":350,"height":200,"srcset":"https:\/\/i0.wp.com\/mojmeteor.com\/wp-content\/uploads\/2017\/10\/b11.jpg?resize=350%2C200&ssl=1 1x, https:\/\/i0.wp.com\/mojmeteor.com\/wp-content\/uploads\/2017\/10\/b11.jpg?resize=525%2C300&ssl=1 1.5x, https:\/\/i0.wp.com\/mojmeteor.com\/wp-content\/uploads\/2017\/10\/b11.jpg?resize=700%2C400&ssl=1 2x"},"classes":[]}],"_links":{"self":[{"href":"https:\/\/mojmeteor.com\/index.php\/wp-json\/wp\/v2\/posts\/4770","targetHints":{"allow":["GET"]}}],"collection":[{"href":"https:\/\/mojmeteor.com\/index.php\/wp-json\/wp\/v2\/posts"}],"about":[{"href":"https:\/\/mojmeteor.com\/index.php\/wp-json\/wp\/v2\/types\/post"}],"author":[{"embeddable":true,"href":"https:\/\/mojmeteor.com\/index.php\/wp-json\/wp\/v2\/users\/1"}],"replies":[{"embeddable":true,"href":"https:\/\/mojmeteor.com\/index.php\/wp-json\/wp\/v2\/comments?post=4770"}],"version-history":[{"count":0,"href":"https:\/\/mojmeteor.com\/index.php\/wp-json\/wp\/v2\/posts\/4770\/revisions"}],"wp:featuredmedia":[{"embeddable":true,"href":"https:\/\/mojmeteor.com\/index.php\/wp-json\/wp\/v2\/media\/4772"}],"wp:attachment":[{"href":"https:\/\/mojmeteor.com\/index.php\/wp-json\/wp\/v2\/media?parent=4770"}],"wp:term":[{"taxonomy":"category","embeddable":true,"href":"https:\/\/mojmeteor.com\/index.php\/wp-json\/wp\/v2\/categories?post=4770"},{"taxonomy":"post_tag","embeddable":true,"href":"https:\/\/mojmeteor.com\/index.php\/wp-json\/wp\/v2\/tags?post=4770"}],"curies":[{"name":"wp","href":"https:\/\/api.w.org\/{rel}","templated":true}]}}