{"id":5444,"date":"2019-04-08T09:07:09","date_gmt":"2019-04-08T08:07:09","guid":{"rendered":"https:\/\/mojmeteor.wordpress.com\/?p=5444"},"modified":"2019-04-08T09:07:09","modified_gmt":"2019-04-08T08:07:09","slug":"kratkorocni-uzitak-dugorocni-problem","status":"publish","type":"post","link":"https:\/\/mojmeteor.com\/index.php\/2019\/04\/08\/kratkorocni-uzitak-dugorocni-problem\/","title":{"rendered":"Kratkoro\u010dni u\u017eitak, dugoro\u010dni problem"},"content":{"rendered":"\n<h2 class=\"wp-block-heading\">osma\u0161i o mobitelima<\/h2>\n\n\n\n<p style=\"background-color:#dd87bb;\" class=\"has-background\">Tijekom druge \u0161kolske zada\u0107e osma\u0161i su razmi\u0161ljali o ovisnostima mladih. Ve\u0107ina u\u010denika je na ljestvici ovisnosti na prvo mjesto smjestila \u2013 ovisnost o mobitelima. Donosimo nekoliko citata iz njihovih tekstova.<\/p>\n\n\n\n<figure class=\"wp-block-image\"><img decoding=\"async\" src=\"https:\/\/mojmeteor.com\/wp-content\/uploads\/2019\/04\/m.jpg\" alt=\"Svaki slobodni trenutak je uz njega\" class=\"wp-image-5448\" \/><figcaption>Svaki slobodni trenutak uz mobitel<\/figcaption><\/figure>\n\n\n\n<p><em>Mladi nisu svjesni koliko lo\u0161ih posljedica te ovisnosti nose. Nisu svjesni da te ovisnosti pru\u017eaju kratkoro\u010dne u\u017eitke i dugoro\u010dne probleme.&nbsp; &nbsp;<\/em>&nbsp; &nbsp; &nbsp; &nbsp; &nbsp; &nbsp; &nbsp; &nbsp; &nbsp; &nbsp; &nbsp; &nbsp; &nbsp; &nbsp; &nbsp; &nbsp; &nbsp; &nbsp; &nbsp; &nbsp; &nbsp; &nbsp; &nbsp; &nbsp; &nbsp; &nbsp; &nbsp; &nbsp; &nbsp; &nbsp; &nbsp;&nbsp; (Noa Kozina, 8.b)<\/p>\n\n\n\n<p><em>Vjerujem da svi barem triput dnevno \u010dujemo od roditelja, bake, djedova kako govore da u njihovo vrijeme nije bilo mobitela, nego su cijeli dan boravili vani, dru\u017eili se, pomagali roditeljima. To nas puno ne zanima. Prva ja to ne radim, nego preokrenem o\u010dima i zatvorim vrata sobe. Na jedno uho nam u\u0111u, a na drugo iza\u0111u njihove rije\u010di. To ne bi trebalo biti tako Trebali bismo ih stvarno poslu\u0161ati jer su ipak stariji i iskusniji.<\/em> (Magdalena Nuji\u0107, 8.a)<\/p>\n\n\n\n<p><em>U vrijeme kada smo mi bili mali, po cijele dane smo boravili vani i igrali se, a danas manja djeca znaju vi\u0161e od nas o mobitelima, igricama. Ja osobno, kada sam bila mala, nisam znala ni za PS4, mobitele&#8230; Uvijek sam se mislila na igru: kada \u0107u i\u0107i van? \u0160to \u0107u raditi vani? Tko \u0107e sve iza\u0107i i igrati se s nama? Danas rijetko tko da je vani da se igra, a ako slu\u010dajno djeca i iza\u0111u van, budu na mobitelima.&nbsp; &nbsp; &nbsp; &nbsp; &nbsp; &nbsp; &nbsp; &nbsp; &nbsp; &nbsp; &nbsp; &nbsp; &nbsp; &nbsp; &nbsp; &nbsp; &nbsp; &nbsp; &nbsp; &nbsp; &nbsp; &nbsp; &nbsp; &nbsp; &nbsp; &nbsp;<\/em>&nbsp; &nbsp; &nbsp; &nbsp; &nbsp; &nbsp; (Katarina Divi\u0107, 8.b)<\/p>\n\n\n\n<p class=\"has-text-align-right\"><strong>Pripremio: Teo Benkovi\u0107, 8.b<\/strong><\/p>\n","protected":false},"excerpt":{"rendered":"<p>Ve\u0107ina u\u010denika je na ljestvici ovisnosti na prvo mjesto smjestila \u2013 ovisnost o mobitelima<\/p>\n","protected":false},"author":1,"featured_media":5448,"comment_status":"open","ping_status":"open","sticky":false,"template":"","format":"standard","meta":{"footnotes":""},"categories":[8],"tags":[],"class_list":["post-5444","post","type-post","status-publish","format-standard","has-post-thumbnail","hentry","category-zanimljivosti"],"jetpack_sharing_enabled":true,"jetpack_featured_media_url":"https:\/\/mojmeteor.com\/wp-content\/uploads\/2019\/04\/m-scaled.jpg","jetpack-related-posts":[{"id":7661,"url":"https:\/\/mojmeteor.com\/index.php\/2023\/01\/25\/finale-kviza-ono-sve-sto-znas-o-hrvatskoj-i-europi\/","url_meta":{"origin":5444,"position":0},"title":"FINALE KVIZA: Ono sve \u0161to zna\u0161 o Hrvatskoj i Europi","author":"admin","date":"25\/01\/2023","format":false,"excerpt":"Nakon dva kruga pitanja na kvizu znanja za sedma\u0161e i osma\u0161e, ekipa Bakar iz 7.c osvojila prvo mjesto","rel":"","context":"In &quot;Zabava&quot;","block_context":{"text":"Zabava","link":"https:\/\/mojmeteor.com\/index.php\/category\/zabava\/"},"img":{"alt_text":"","src":"","width":0,"height":0},"classes":[]},{"id":9309,"url":"https:\/\/mojmeteor.com\/index.php\/2025\/11\/29\/predavanje-o-zamkama-videoigara-pametnije-uz-dzojstik\/","url_meta":{"origin":5444,"position":1},"title":"PREDAVANJE O ZAMKAMA VIDEOIGARA: Pametnije uz d\u017eojstik","author":"admin","date":"29\/11\/2025","format":false,"excerpt":"Za\u0161to nemamo volje ni za \u0161to i \u017eeljeli bismo samo raditi \u0161to je nama volja, shvatili smo kad smo \u010duli koji su simptomi nakon du\u017eeg igranja videoigrica","rel":"","context":"In &quot;Zanimljivosti&quot;","block_context":{"text":"Zanimljivosti","link":"https:\/\/mojmeteor.com\/index.php\/category\/zanimljivosti\/"},"img":{"alt_text":"","src":"https:\/\/i0.wp.com\/mojmeteor.com\/wp-content\/uploads\/2025\/11\/IMG_20251126_132805-scaled.jpg?resize=350%2C200&ssl=1","width":350,"height":200,"srcset":"https:\/\/i0.wp.com\/mojmeteor.com\/wp-content\/uploads\/2025\/11\/IMG_20251126_132805-scaled.jpg?resize=350%2C200&ssl=1 1x, https:\/\/i0.wp.com\/mojmeteor.com\/wp-content\/uploads\/2025\/11\/IMG_20251126_132805-scaled.jpg?resize=525%2C300&ssl=1 1.5x, https:\/\/i0.wp.com\/mojmeteor.com\/wp-content\/uploads\/2025\/11\/IMG_20251126_132805-scaled.jpg?resize=700%2C400&ssl=1 2x, https:\/\/i0.wp.com\/mojmeteor.com\/wp-content\/uploads\/2025\/11\/IMG_20251126_132805-scaled.jpg?resize=1050%2C600&ssl=1 3x, https:\/\/i0.wp.com\/mojmeteor.com\/wp-content\/uploads\/2025\/11\/IMG_20251126_132805-scaled.jpg?resize=1400%2C800&ssl=1 4x"},"classes":[]},{"id":8997,"url":"https:\/\/mojmeteor.com\/index.php\/2025\/03\/06\/karaoke-pod-maskama-2025-skolski-tulumcic-uz-mastovite-maske-i-vesele-pjesme\/","url_meta":{"origin":5444,"position":2},"title":"KARAOKE POD MASKAMA 2025.: \u0160kolski tulum\u010di\u0107 uz ma\u0161tovite maske i vesele pjesme","author":"admin","date":"06\/03\/2025","format":false,"excerpt":"Doga\u0111aj su koji svake godine bude zabavan, veseo, raspjevan i pun prekrasnih kostima","rel":"","context":"In &quot;Zabava&quot;","block_context":{"text":"Zabava","link":"https:\/\/mojmeteor.com\/index.php\/category\/zabava\/"},"img":{"alt_text":"","src":"https:\/\/i0.wp.com\/mojmeteor.com\/wp-content\/uploads\/2025\/03\/2-scaled.jpg?resize=350%2C200&ssl=1","width":350,"height":200,"srcset":"https:\/\/i0.wp.com\/mojmeteor.com\/wp-content\/uploads\/2025\/03\/2-scaled.jpg?resize=350%2C200&ssl=1 1x, https:\/\/i0.wp.com\/mojmeteor.com\/wp-content\/uploads\/2025\/03\/2-scaled.jpg?resize=525%2C300&ssl=1 1.5x, https:\/\/i0.wp.com\/mojmeteor.com\/wp-content\/uploads\/2025\/03\/2-scaled.jpg?resize=700%2C400&ssl=1 2x, https:\/\/i0.wp.com\/mojmeteor.com\/wp-content\/uploads\/2025\/03\/2-scaled.jpg?resize=1050%2C600&ssl=1 3x, https:\/\/i0.wp.com\/mojmeteor.com\/wp-content\/uploads\/2025\/03\/2-scaled.jpg?resize=1400%2C800&ssl=1 4x"},"classes":[]},{"id":9318,"url":"https:\/\/mojmeteor.com\/index.php\/2025\/10\/30\/terenska-nastava-u-vukovaru-sad-vise-cijenimo-mir-u-kojem-zivimo\/","url_meta":{"origin":5444,"position":3},"title":"TERENSKA NASTAVA U VUKOVARU: Sad vi\u0161e cijenimo mir u kojem \u017eivimo","author":"admin","date":"30\/10\/2025","format":false,"excerpt":"Domovinski rat do\u017eivi se puno ozbiljnije kad se do\u0111e na mjesta gdje se rat stvarno doga\u0111ao","rel":"","context":"In &quot;Nastava&quot;","block_context":{"text":"Nastava","link":"https:\/\/mojmeteor.com\/index.php\/category\/nastava\/"},"img":{"alt_text":"","src":"https:\/\/i0.wp.com\/mojmeteor.com\/wp-content\/uploads\/2025\/11\/IMG-5ec9237dce87cafbad5a4c4473db528c-V.jpg?resize=350%2C200&ssl=1","width":350,"height":200,"srcset":"https:\/\/i0.wp.com\/mojmeteor.com\/wp-content\/uploads\/2025\/11\/IMG-5ec9237dce87cafbad5a4c4473db528c-V.jpg?resize=350%2C200&ssl=1 1x, https:\/\/i0.wp.com\/mojmeteor.com\/wp-content\/uploads\/2025\/11\/IMG-5ec9237dce87cafbad5a4c4473db528c-V.jpg?resize=525%2C300&ssl=1 1.5x, https:\/\/i0.wp.com\/mojmeteor.com\/wp-content\/uploads\/2025\/11\/IMG-5ec9237dce87cafbad5a4c4473db528c-V.jpg?resize=700%2C400&ssl=1 2x, https:\/\/i0.wp.com\/mojmeteor.com\/wp-content\/uploads\/2025\/11\/IMG-5ec9237dce87cafbad5a4c4473db528c-V.jpg?resize=1050%2C600&ssl=1 3x, https:\/\/i0.wp.com\/mojmeteor.com\/wp-content\/uploads\/2025\/11\/IMG-5ec9237dce87cafbad5a4c4473db528c-V.jpg?resize=1400%2C800&ssl=1 4x"},"classes":[]},{"id":2041,"url":"https:\/\/mojmeteor.com\/index.php\/2016\/10\/10\/osmasi-u-vukowaru\/","url_meta":{"origin":5444,"position":4},"title":"Osma\u0161i u Vukowaru","author":"admin","date":"10\/10\/2016","format":false,"excerpt":"Osma\u0161i na dvodnevnoj terenskoj nastavi u Vukovaru u\u010dili o Domovinskom ratu i Bitci za Vukovar.","rel":"","context":"In &quot;Nastava&quot;","block_context":{"text":"Nastava","link":"https:\/\/mojmeteor.com\/index.php\/category\/nastava\/"},"img":{"alt_text":"","src":"https:\/\/i0.wp.com\/mojmeteor.com\/wp-content\/uploads\/2016\/10\/12.jpg?resize=350%2C200&ssl=1","width":350,"height":200,"srcset":"https:\/\/i0.wp.com\/mojmeteor.com\/wp-content\/uploads\/2016\/10\/12.jpg?resize=350%2C200&ssl=1 1x, https:\/\/i0.wp.com\/mojmeteor.com\/wp-content\/uploads\/2016\/10\/12.jpg?resize=525%2C300&ssl=1 1.5x, https:\/\/i0.wp.com\/mojmeteor.com\/wp-content\/uploads\/2016\/10\/12.jpg?resize=700%2C400&ssl=1 2x, https:\/\/i0.wp.com\/mojmeteor.com\/wp-content\/uploads\/2016\/10\/12.jpg?resize=1050%2C600&ssl=1 3x"},"classes":[]},{"id":7177,"url":"https:\/\/mojmeteor.com\/index.php\/2022\/10\/12\/kuca-brlic-kod-ivane-u-gostima\/","url_meta":{"origin":5444,"position":5},"title":"KU\u0106A BRLI\u0106: Kod Ivane u gostima","author":"admin","date":"12\/10\/2022","format":false,"excerpt":"Osma\u0161i na satu Hrvatskoga jezika obi\u0161li Ivaninu ku\u0107u, razgovarali o Pismu Ivani Pavla Pavli\u010di\u0107a i kvizovima provjeravali znanje","rel":"","context":"In &quot;Nastava&quot;","block_context":{"text":"Nastava","link":"https:\/\/mojmeteor.com\/index.php\/category\/nastava\/"},"img":{"alt_text":"","src":"https:\/\/i0.wp.com\/mojmeteor.com\/wp-content\/uploads\/2022\/10\/1665064374153-scaled.jpg?resize=350%2C200&ssl=1","width":350,"height":200,"srcset":"https:\/\/i0.wp.com\/mojmeteor.com\/wp-content\/uploads\/2022\/10\/1665064374153-scaled.jpg?resize=350%2C200&ssl=1 1x, https:\/\/i0.wp.com\/mojmeteor.com\/wp-content\/uploads\/2022\/10\/1665064374153-scaled.jpg?resize=525%2C300&ssl=1 1.5x, https:\/\/i0.wp.com\/mojmeteor.com\/wp-content\/uploads\/2022\/10\/1665064374153-scaled.jpg?resize=700%2C400&ssl=1 2x, https:\/\/i0.wp.com\/mojmeteor.com\/wp-content\/uploads\/2022\/10\/1665064374153-scaled.jpg?resize=1050%2C600&ssl=1 3x, https:\/\/i0.wp.com\/mojmeteor.com\/wp-content\/uploads\/2022\/10\/1665064374153-scaled.jpg?resize=1400%2C800&ssl=1 4x"},"classes":[]}],"_links":{"self":[{"href":"https:\/\/mojmeteor.com\/index.php\/wp-json\/wp\/v2\/posts\/5444","targetHints":{"allow":["GET"]}}],"collection":[{"href":"https:\/\/mojmeteor.com\/index.php\/wp-json\/wp\/v2\/posts"}],"about":[{"href":"https:\/\/mojmeteor.com\/index.php\/wp-json\/wp\/v2\/types\/post"}],"author":[{"embeddable":true,"href":"https:\/\/mojmeteor.com\/index.php\/wp-json\/wp\/v2\/users\/1"}],"replies":[{"embeddable":true,"href":"https:\/\/mojmeteor.com\/index.php\/wp-json\/wp\/v2\/comments?post=5444"}],"version-history":[{"count":0,"href":"https:\/\/mojmeteor.com\/index.php\/wp-json\/wp\/v2\/posts\/5444\/revisions"}],"wp:featuredmedia":[{"embeddable":true,"href":"https:\/\/mojmeteor.com\/index.php\/wp-json\/wp\/v2\/media\/5448"}],"wp:attachment":[{"href":"https:\/\/mojmeteor.com\/index.php\/wp-json\/wp\/v2\/media?parent=5444"}],"wp:term":[{"taxonomy":"category","embeddable":true,"href":"https:\/\/mojmeteor.com\/index.php\/wp-json\/wp\/v2\/categories?post=5444"},{"taxonomy":"post_tag","embeddable":true,"href":"https:\/\/mojmeteor.com\/index.php\/wp-json\/wp\/v2\/tags?post=5444"}],"curies":[{"name":"wp","href":"https:\/\/api.w.org\/{rel}","templated":true}]}}