{"id":6214,"date":"2020-11-04T19:13:00","date_gmt":"2020-11-04T18:13:00","guid":{"rendered":"https:\/\/mojmeteor.wordpress.com\/?p=6214"},"modified":"2020-11-04T19:13:00","modified_gmt":"2020-11-04T18:13:00","slug":"stranicnik-ili-videorecital","status":"publish","type":"post","link":"https:\/\/mojmeteor.com\/index.php\/2020\/11\/04\/stranicnik-ili-videorecital\/","title":{"rendered":"Strani\u010dnik ili videorecital"},"content":{"rendered":"\n<p><strong>Mjesec hrvatske knjige <\/strong>koji se odr\u017eavao od 15. listopada do 15. studenoga 2020. godine obilje\u017eili smo na dva na\u010dina. \u0160esta\u0161i i osma\u0161i snimili su se tijekom \u010ditanja teksta po izboru, a neke od najzanimljivijih uradaka mo\u017eete pogledati na Youtube kanalu na\u0161e \u0161kolske knji\u017enice. <\/p>\n\n\n\n<figure class=\"wp-block-embed is-type-rich is-provider-youtube wp-block-embed-youtube wp-embed-aspect-16-9 wp-has-aspect-ratio\"><div class=\"wp-block-embed__wrapper\">\n<iframe loading=\"lazy\" title=\"Ki\u0161na glista (Valentina Tuti\u0107)\" width=\"775\" height=\"436\" src=\"https:\/\/www.youtube.com\/embed\/9da1RKOvX0s?feature=oembed\" frameborder=\"0\" allow=\"accelerometer; autoplay; clipboard-write; encrypted-media; gyroscope; picture-in-picture; web-share\" allowfullscreen><\/iframe>\n<\/div><figcaption>Ines Ivankovi\u0107 iz 6.a recitira pjesmu Ki\u0161na glista<\/figcaption><\/figure>\n\n\n\n<p> Osma\u0161i su mogli birati i drugu mogu\u0107nost &#8211; izraditi digitalni strani\u010dnik i sudjelovati u <strong>natje\u010daju Gradske knji\u017enice Slavonski Brod<\/strong> pod motom <strong><em>Razlistaj se.<\/em><\/strong> Strani\u010dnici na\u0161ih u\u010denica nisu osvojili jedno od prva tri mjesta, ali su zato bili dio virtualne izlo\u017ebe na\u0161e Gradske knji\u017enice.<\/p>\n\n\n\n<figure class=\"wp-block-embed is-type-rich is-provider-ugradnja wp-block-embed-ugradnja\"><div class=\"wp-block-embed__wrapper\">\n<div class=\"embed-genially\"><div style='width: 100%;'><div style='position: relative; padding-bottom:56.25%; padding-top: 0; height: 0;'><iframe title=\"Virtualna izlo\u017eba  &quot;Izradi digitalni strani\u010dnik i Razlistaj se&quot;\" frameborder='0' width='1200' height='675' style='position:absolute; top: 0; left: 0; width: 100%; height: 100%;' src='https:\/\/view.genial.ly\/5f8d904883a9980d6ce8eb12' type='text\/html' allowscriptaccess='always' allowfullscreen='true' scrolling='yes' allownetworking='all'><\/iframe><\/div><\/div><\/div>\n<\/div><figcaption>Pogledajte virtualnu izlo\u017ebu strani\u010dnika pod motom Razlistaj se<\/figcaption><\/figure>\n\n\n\n<p class=\"has-text-align-right\"><strong>Ema Elkaz, 8.a<\/strong><\/p>\n","protected":false},"excerpt":{"rendered":"<p>Kreativno i hrabro uz Mjesec hrvatske knjige 2020.<\/p>\n","protected":false},"author":1,"featured_media":6233,"comment_status":"open","ping_status":"open","sticky":false,"template":"","format":"standard","meta":{"footnotes":""},"categories":[2],"tags":[],"class_list":["post-6214","post","type-post","status-publish","format-standard","has-post-thumbnail","hentry","category-dogadanja"],"jetpack_sharing_enabled":true,"jetpack_featured_media_url":"https:\/\/mojmeteor.com\/wp-content\/uploads\/2021\/01\/i-scaled.jpg","jetpack-related-posts":[{"id":8857,"url":"https:\/\/mojmeteor.com\/index.php\/2024\/10\/31\/mjesec-hrvatske-knjige-2024-pripovijedaj-mi-mit-legendu-i-anegdotu\/","url_meta":{"origin":6214,"position":0},"title":"MJESEC HRVATSKE KNJIGE 2024.: Pripovijedaj mi: mit, legendu i anegdotu","author":"admin","date":"31\/10\/2024","format":false,"excerpt":"\u0160esta\u0161i O\u0160 Antuna Mihanovi\u0107a aktivno su se uklju\u010dili u program manifestacije Mjesec hrvatske knjige 2024. \u010dija je ovogodi\u0161nja tema \"Pri\u010daj mi\" pri\u010daonicom mitova, legendi i anegdota","rel":"","context":"In &quot;Nastava&quot;","block_context":{"text":"Nastava","link":"https:\/\/mojmeteor.com\/index.php\/category\/nastava\/"},"img":{"alt_text":"","src":"https:\/\/i0.wp.com\/mojmeteor.com\/wp-content\/uploads\/2024\/10\/p1-2-scaled.jpg?resize=350%2C200&ssl=1","width":350,"height":200,"srcset":"https:\/\/i0.wp.com\/mojmeteor.com\/wp-content\/uploads\/2024\/10\/p1-2-scaled.jpg?resize=350%2C200&ssl=1 1x, https:\/\/i0.wp.com\/mojmeteor.com\/wp-content\/uploads\/2024\/10\/p1-2-scaled.jpg?resize=525%2C300&ssl=1 1.5x, https:\/\/i0.wp.com\/mojmeteor.com\/wp-content\/uploads\/2024\/10\/p1-2-scaled.jpg?resize=700%2C400&ssl=1 2x, https:\/\/i0.wp.com\/mojmeteor.com\/wp-content\/uploads\/2024\/10\/p1-2-scaled.jpg?resize=1050%2C600&ssl=1 3x, https:\/\/i0.wp.com\/mojmeteor.com\/wp-content\/uploads\/2024\/10\/p1-2-scaled.jpg?resize=1400%2C800&ssl=1 4x"},"classes":[]},{"id":6689,"url":"https:\/\/mojmeteor.com\/index.php\/2021\/11\/04\/mjesec-hrvatske-knjige-2021-bili-smo-u-gradskoj-knjiznici\/","url_meta":{"origin":6214,"position":1},"title":"MJESEC HRVATSKE KNJIGE 2021.: Bili smo u Gradskoj knji\u017enici","author":"admin","date":"04\/11\/2021","format":false,"excerpt":"U\u010denici 1.a imali nastavu u Gradskoj knji\u017enici i sudjelovali na kreativnoj radionici","rel":"","context":"In &quot;Nastava&quot;","block_context":{"text":"Nastava","link":"https:\/\/mojmeteor.com\/index.php\/category\/nastava\/"},"img":{"alt_text":"","src":"https:\/\/i0.wp.com\/mojmeteor.com\/wp-content\/uploads\/2021\/11\/1636964241259.jpg?resize=350%2C200&ssl=1","width":350,"height":200,"srcset":"https:\/\/i0.wp.com\/mojmeteor.com\/wp-content\/uploads\/2021\/11\/1636964241259.jpg?resize=350%2C200&ssl=1 1x, https:\/\/i0.wp.com\/mojmeteor.com\/wp-content\/uploads\/2021\/11\/1636964241259.jpg?resize=525%2C300&ssl=1 1.5x, https:\/\/i0.wp.com\/mojmeteor.com\/wp-content\/uploads\/2021\/11\/1636964241259.jpg?resize=700%2C400&ssl=1 2x, https:\/\/i0.wp.com\/mojmeteor.com\/wp-content\/uploads\/2021\/11\/1636964241259.jpg?resize=1050%2C600&ssl=1 3x, https:\/\/i0.wp.com\/mojmeteor.com\/wp-content\/uploads\/2021\/11\/1636964241259.jpg?resize=1400%2C800&ssl=1 4x"},"classes":[]},{"id":8332,"url":"https:\/\/mojmeteor.com\/index.php\/2023\/12\/04\/mjesec-hrvatske-knjige-prevodenje-knjiga-je-umjetnicki-posao\/","url_meta":{"origin":6214,"position":2},"title":"MJESEC HRVATSKE KNJIGE: Prevo\u0111enje knjiga je umjetni\u010dki posao","author":"admin","date":"04\/12\/2023","format":false,"excerpt":"Na susretu s knji\u017eevnom prevoditeljicom i ambasadoricom manifestacije Andom Bukvi\u0107 Pa\u017ein","rel":"","context":"In &quot;Doga\u0111anja&quot;","block_context":{"text":"Doga\u0111anja","link":"https:\/\/mojmeteor.com\/index.php\/category\/dogadanja\/"},"img":{"alt_text":"","src":"https:\/\/i0.wp.com\/mojmeteor.com\/wp-content\/uploads\/2023\/12\/20231109_130307-scaled.jpg?resize=350%2C200&ssl=1","width":350,"height":200,"srcset":"https:\/\/i0.wp.com\/mojmeteor.com\/wp-content\/uploads\/2023\/12\/20231109_130307-scaled.jpg?resize=350%2C200&ssl=1 1x, https:\/\/i0.wp.com\/mojmeteor.com\/wp-content\/uploads\/2023\/12\/20231109_130307-scaled.jpg?resize=525%2C300&ssl=1 1.5x, https:\/\/i0.wp.com\/mojmeteor.com\/wp-content\/uploads\/2023\/12\/20231109_130307-scaled.jpg?resize=700%2C400&ssl=1 2x, https:\/\/i0.wp.com\/mojmeteor.com\/wp-content\/uploads\/2023\/12\/20231109_130307-scaled.jpg?resize=1050%2C600&ssl=1 3x, https:\/\/i0.wp.com\/mojmeteor.com\/wp-content\/uploads\/2023\/12\/20231109_130307-scaled.jpg?resize=1400%2C800&ssl=1 4x"},"classes":[]},{"id":5599,"url":"https:\/\/mojmeteor.com\/index.php\/2019\/11\/14\/predstavljanje-knjiga-vlaste-golub\/","url_meta":{"origin":6214,"position":3},"title":"Predstavljanje knjiga Vlaste Golub","author":"admin","date":"14\/11\/2019","format":false,"excerpt":"U Mjesecu hrvatske knjige bili smo u Gradskoj knji\u017enici na susretu sa suvremenom knji\u017eevnicom Vlastom Golub","rel":"","context":"In &quot;Zanimljivosti&quot;","block_context":{"text":"Zanimljivosti","link":"https:\/\/mojmeteor.com\/index.php\/category\/zanimljivosti\/"},"img":{"alt_text":"","src":"https:\/\/i0.wp.com\/mojmeteor.com\/wp-content\/uploads\/2019\/11\/2-scaled.jpg?resize=350%2C200&ssl=1","width":350,"height":200,"srcset":"https:\/\/i0.wp.com\/mojmeteor.com\/wp-content\/uploads\/2019\/11\/2-scaled.jpg?resize=350%2C200&ssl=1 1x, https:\/\/i0.wp.com\/mojmeteor.com\/wp-content\/uploads\/2019\/11\/2-scaled.jpg?resize=525%2C300&ssl=1 1.5x, https:\/\/i0.wp.com\/mojmeteor.com\/wp-content\/uploads\/2019\/11\/2-scaled.jpg?resize=700%2C400&ssl=1 2x, https:\/\/i0.wp.com\/mojmeteor.com\/wp-content\/uploads\/2019\/11\/2-scaled.jpg?resize=1050%2C600&ssl=1 3x, https:\/\/i0.wp.com\/mojmeteor.com\/wp-content\/uploads\/2019\/11\/2-scaled.jpg?resize=1400%2C800&ssl=1 4x"},"classes":[]},{"id":9286,"url":"https:\/\/mojmeteor.com\/index.php\/2025\/11\/12\/mali-citateljski-klub-susret-obiljezila-gosca-iva-sokcevic\/","url_meta":{"origin":6214,"position":4},"title":"MALI \u010cITATELJSKI KLUB: Susret obilje\u017eila go\u0161\u0107a Iva \u0160ok\u010devi\u0107","author":"admin","date":"12\/11\/2025","format":false,"excerpt":"Povodom Mjeseca hrvatske knjige na\u0161 prvi susret vodila je go\u0161\u0107a Iva \u0160ok\u010devi\u0107 (knji\u017eni\u010darka Gradske knji\u017enice Slavonski Brod) jer je tema manifestacije ove godine\u00a0\"Odabrali knji\u017eni\u010dari\"","rel":"","context":"In &quot;Doga\u0111anja&quot;","block_context":{"text":"Doga\u0111anja","link":"https:\/\/mojmeteor.com\/index.php\/category\/dogadanja\/"},"img":{"alt_text":"","src":"https:\/\/i0.wp.com\/mojmeteor.com\/wp-content\/uploads\/2025\/11\/naslovna-scaled.jpg?resize=350%2C200&ssl=1","width":350,"height":200,"srcset":"https:\/\/i0.wp.com\/mojmeteor.com\/wp-content\/uploads\/2025\/11\/naslovna-scaled.jpg?resize=350%2C200&ssl=1 1x, https:\/\/i0.wp.com\/mojmeteor.com\/wp-content\/uploads\/2025\/11\/naslovna-scaled.jpg?resize=525%2C300&ssl=1 1.5x, https:\/\/i0.wp.com\/mojmeteor.com\/wp-content\/uploads\/2025\/11\/naslovna-scaled.jpg?resize=700%2C400&ssl=1 2x, https:\/\/i0.wp.com\/mojmeteor.com\/wp-content\/uploads\/2025\/11\/naslovna-scaled.jpg?resize=1050%2C600&ssl=1 3x, https:\/\/i0.wp.com\/mojmeteor.com\/wp-content\/uploads\/2025\/11\/naslovna-scaled.jpg?resize=1400%2C800&ssl=1 4x"},"classes":[]},{"id":7369,"url":"https:\/\/mojmeteor.com\/index.php\/2022\/11\/14\/osmasi-na-interliberu\/","url_meta":{"origin":6214,"position":5},"title":"OSMA\u0160I NA INTERLIBERU: Biram knjigu prema naslovu","author":"admin","date":"14\/11\/2022","format":false,"excerpt":"Prijateljice iz svoga razreda zamolila sam na Interliberu neka izaberu knjigu \u010diji ih je naslov privukao","rel":"","context":"In &quot;Zabava&quot;","block_context":{"text":"Zabava","link":"https:\/\/mojmeteor.com\/index.php\/category\/zabava\/"},"img":{"alt_text":"","src":"https:\/\/i0.wp.com\/mojmeteor.com\/wp-content\/uploads\/2022\/11\/microsoftteams-image-8.jpg?resize=350%2C200&ssl=1","width":350,"height":200,"srcset":"https:\/\/i0.wp.com\/mojmeteor.com\/wp-content\/uploads\/2022\/11\/microsoftteams-image-8.jpg?resize=350%2C200&ssl=1 1x, https:\/\/i0.wp.com\/mojmeteor.com\/wp-content\/uploads\/2022\/11\/microsoftteams-image-8.jpg?resize=525%2C300&ssl=1 1.5x, https:\/\/i0.wp.com\/mojmeteor.com\/wp-content\/uploads\/2022\/11\/microsoftteams-image-8.jpg?resize=700%2C400&ssl=1 2x, https:\/\/i0.wp.com\/mojmeteor.com\/wp-content\/uploads\/2022\/11\/microsoftteams-image-8.jpg?resize=1050%2C600&ssl=1 3x"},"classes":[]}],"_links":{"self":[{"href":"https:\/\/mojmeteor.com\/index.php\/wp-json\/wp\/v2\/posts\/6214","targetHints":{"allow":["GET"]}}],"collection":[{"href":"https:\/\/mojmeteor.com\/index.php\/wp-json\/wp\/v2\/posts"}],"about":[{"href":"https:\/\/mojmeteor.com\/index.php\/wp-json\/wp\/v2\/types\/post"}],"author":[{"embeddable":true,"href":"https:\/\/mojmeteor.com\/index.php\/wp-json\/wp\/v2\/users\/1"}],"replies":[{"embeddable":true,"href":"https:\/\/mojmeteor.com\/index.php\/wp-json\/wp\/v2\/comments?post=6214"}],"version-history":[{"count":0,"href":"https:\/\/mojmeteor.com\/index.php\/wp-json\/wp\/v2\/posts\/6214\/revisions"}],"wp:featuredmedia":[{"embeddable":true,"href":"https:\/\/mojmeteor.com\/index.php\/wp-json\/wp\/v2\/media\/6233"}],"wp:attachment":[{"href":"https:\/\/mojmeteor.com\/index.php\/wp-json\/wp\/v2\/media?parent=6214"}],"wp:term":[{"taxonomy":"category","embeddable":true,"href":"https:\/\/mojmeteor.com\/index.php\/wp-json\/wp\/v2\/categories?post=6214"},{"taxonomy":"post_tag","embeddable":true,"href":"https:\/\/mojmeteor.com\/index.php\/wp-json\/wp\/v2\/tags?post=6214"}],"curies":[{"name":"wp","href":"https:\/\/api.w.org\/{rel}","templated":true}]}}