{"id":8694,"date":"2024-05-17T20:09:33","date_gmt":"2024-05-17T20:09:33","guid":{"rendered":"https:\/\/mojmeteor.com\/?p=8694"},"modified":"2024-06-24T20:19:10","modified_gmt":"2024-06-24T20:19:10","slug":"dan-skole-sunce-radost-sreca","status":"publish","type":"post","link":"https:\/\/mojmeteor.com\/index.php\/2024\/05\/17\/dan-skole-sunce-radost-sreca\/","title":{"rendered":"DAN \u0160KOLE: Sunce, radost, sre\u0107a"},"content":{"rendered":"\n<p class=\"has-luminous-vivid-amber-to-luminous-vivid-orange-gradient-background has-background\">10. svibnja 2024. bio je Dan \u0161kole O\u0160 Antuna Mihanovi\u0107a Slavonskoga Broda! Dopodne je otvorena izlo\u017eba u\u010deni\u010dkih radova, odr\u017eavala su se sportska natjecanja, posljednje probe, a u posjet su nam stigli budu\u0107i prva\u0161i\u0107i iz Dje\u010djeg vrti\u0107a Lira. Popodne se odr\u017eala sve\u010dana priredba na\u0161ega KUD-a, pohvaljeni su i nagra\u0111eni osma\u0161i odlika\u0161i svih osam godina i u\u010denici koji su osvojili jedno od prva tri mjesta na \u017eupanijskim natjecanjima te sjednica U\u010diteljskoga vije\u0107a. <\/p>\n\n\n\n<p>Pogledajte videoprilog na\u0161ih novinara, poslu\u0161ajte \u010destitke u\u010denika, u\u010ditelja, psihologinje i ravnateljice te se podsjetite vesele atmosfere Dana na\u0161e \u0161kole!<\/p>\n\n\n\n<figure class=\"wp-block-embed is-type-video is-provider-youtube wp-block-embed-youtube wp-embed-aspect-16-9 wp-has-aspect-ratio\"><div class=\"wp-block-embed__wrapper\">\n<iframe loading=\"lazy\" title=\"Dan \u0161kole\" width=\"775\" height=\"436\" src=\"https:\/\/www.youtube.com\/embed\/76ZDHwyIZ-c?feature=oembed\" frameborder=\"0\" allow=\"accelerometer; autoplay; clipboard-write; encrypted-media; gyroscope; picture-in-picture; web-share\" referrerpolicy=\"strict-origin-when-cross-origin\" allowfullscreen><\/iframe>\n<\/div><figcaption class=\"wp-element-caption\">Sretan ti ro\u0111endan, \u0160kolo!<\/figcaption><\/figure>\n","protected":false},"excerpt":{"rendered":"<p>Pogledajte videoprilog na\u0161ih novinara, poslu\u0161ajte \u010destitke u\u010denika, u\u010ditelja, psihologinje i ravnateljice te se podsjetite vesele atmosfere Dana na\u0161e sun\u010dane \u0161kole!<\/p>\n","protected":false},"author":8,"featured_media":8696,"comment_status":"open","ping_status":"open","sticky":false,"template":"","format":"standard","meta":{"footnotes":""},"categories":[2],"tags":[],"class_list":["post-8694","post","type-post","status-publish","format-standard","has-post-thumbnail","hentry","category-dogadanja"],"jetpack_sharing_enabled":true,"jetpack_featured_media_url":"https:\/\/mojmeteor.com\/wp-content\/uploads\/2024\/06\/Dan-skole.png","jetpack-related-posts":[{"id":6444,"url":"https:\/\/mojmeteor.com\/index.php\/2021\/03\/11\/priredba-izlozba-i-dan-otvorenih-vrata-virtualni-3-u-1-uz-dan-nase-skole\/","url_meta":{"origin":8694,"position":0},"title":"PRIREDBA, IZLO\u017dBA I DAN OTVORENIH VRATA: Virtualni 3 u 1 uz Dan na\u0161e \u0161kole","author":"admin","date":"11\/03\/2021","format":false,"excerpt":"Ni ove godine nemamo gu\u017evu u \u0161kolskoj dvorani, sportske turnire, dru\u017eenja poslije priredbe, ali zato imamo prigodni video kojim obilje\u017eavamo Dan \u0161kole","rel":"","context":"In &quot;Doga\u0111anja&quot;","block_context":{"text":"Doga\u0111anja","link":"https:\/\/mojmeteor.com\/index.php\/category\/dogadanja\/"},"img":{"alt_text":"","src":"https:\/\/i0.wp.com\/mojmeteor.com\/wp-content\/uploads\/2021\/03\/ds.jpg?resize=350%2C200&ssl=1","width":350,"height":200,"srcset":"https:\/\/i0.wp.com\/mojmeteor.com\/wp-content\/uploads\/2021\/03\/ds.jpg?resize=350%2C200&ssl=1 1x, https:\/\/i0.wp.com\/mojmeteor.com\/wp-content\/uploads\/2021\/03\/ds.jpg?resize=525%2C300&ssl=1 1.5x, https:\/\/i0.wp.com\/mojmeteor.com\/wp-content\/uploads\/2021\/03\/ds.jpg?resize=700%2C400&ssl=1 2x, https:\/\/i0.wp.com\/mojmeteor.com\/wp-content\/uploads\/2021\/03\/ds.jpg?resize=1050%2C600&ssl=1 3x"},"classes":[]},{"id":1560,"url":"https:\/\/mojmeteor.com\/index.php\/2016\/06\/08\/obiljezen-dan-skole\/","url_meta":{"origin":8694,"position":1},"title":"Proslavili smo Dan \u0161kole","author":"admin","date":"08\/06\/2016","format":false,"excerpt":"Uz sportska natjecanja, izlo\u017ebu, priredbu i sve\u010danu sjednicu proslavili smo Dan na\u0161e \u0161kole.","rel":"","context":"In &quot;Doga\u0111anja&quot;","block_context":{"text":"Doga\u0111anja","link":"https:\/\/mojmeteor.com\/index.php\/category\/dogadanja\/"},"img":{"alt_text":"","src":"https:\/\/i0.wp.com\/mojmeteor.com\/wp-content\/uploads\/2016\/06\/dsc_1523.jpg?resize=350%2C200&ssl=1","width":350,"height":200,"srcset":"https:\/\/i0.wp.com\/mojmeteor.com\/wp-content\/uploads\/2016\/06\/dsc_1523.jpg?resize=350%2C200&ssl=1 1x, https:\/\/i0.wp.com\/mojmeteor.com\/wp-content\/uploads\/2016\/06\/dsc_1523.jpg?resize=525%2C300&ssl=1 1.5x, https:\/\/i0.wp.com\/mojmeteor.com\/wp-content\/uploads\/2016\/06\/dsc_1523.jpg?resize=700%2C400&ssl=1 2x"},"classes":[]},{"id":9077,"url":"https:\/\/mojmeteor.com\/index.php\/2025\/04\/15\/press-centar-svijeta-bajki-2025-nasa-medijska-druzina-postala-srediste-malih-novinara\/","url_meta":{"origin":8694,"position":2},"title":"PRESS CENTAR SVIJETA BAJKI 2025.:Na\u0161a medijska dru\u017eina postala sredi\u0161te malih novinara","author":"admin","date":"15\/04\/2025","format":false,"excerpt":"Imali smo \u010dast od 7. do 11. travnja 2025. rasporediti se u: novinarsku, radijsku, fotografsku i videoradionicu manifestacije Svijeta bajki te izvje\u0161tavati o doga\u0111ajima s terena","rel":"","context":"In &quot;Doga\u0111anja&quot;","block_context":{"text":"Doga\u0111anja","link":"https:\/\/mojmeteor.com\/index.php\/category\/dogadanja\/"},"img":{"alt_text":"","src":"https:\/\/i0.wp.com\/mojmeteor.com\/wp-content\/uploads\/2025\/04\/FB_IMG_1744318231021-1.jpg?resize=350%2C200&ssl=1","width":350,"height":200,"srcset":"https:\/\/i0.wp.com\/mojmeteor.com\/wp-content\/uploads\/2025\/04\/FB_IMG_1744318231021-1.jpg?resize=350%2C200&ssl=1 1x, https:\/\/i0.wp.com\/mojmeteor.com\/wp-content\/uploads\/2025\/04\/FB_IMG_1744318231021-1.jpg?resize=525%2C300&ssl=1 1.5x, https:\/\/i0.wp.com\/mojmeteor.com\/wp-content\/uploads\/2025\/04\/FB_IMG_1744318231021-1.jpg?resize=700%2C400&ssl=1 2x, https:\/\/i0.wp.com\/mojmeteor.com\/wp-content\/uploads\/2025\/04\/FB_IMG_1744318231021-1.jpg?resize=1050%2C600&ssl=1 3x"},"classes":[]},{"id":7797,"url":"https:\/\/mojmeteor.com\/index.php\/2023\/03\/15\/dan-skole-2023-probudimo-radost\/","url_meta":{"origin":8694,"position":3},"title":"DAN \u0160KOLE 2023.: Probudimo radost","author":"admin","date":"15\/03\/2023","format":false,"excerpt":"Dan \u0161kole nakon tri online godine proslavili u \u0161kolskoj dvorani u\u010deni\u010dkim programom i izlo\u017ebom u\u010deni\u010dkih radova","rel":"","context":"In &quot;Doga\u0111anja&quot;","block_context":{"text":"Doga\u0111anja","link":"https:\/\/mojmeteor.com\/index.php\/category\/dogadanja\/"},"img":{"alt_text":"","src":"https:\/\/i0.wp.com\/mojmeteor.com\/wp-content\/uploads\/2023\/03\/0.jpg?resize=350%2C200&ssl=1","width":350,"height":200,"srcset":"https:\/\/i0.wp.com\/mojmeteor.com\/wp-content\/uploads\/2023\/03\/0.jpg?resize=350%2C200&ssl=1 1x, https:\/\/i0.wp.com\/mojmeteor.com\/wp-content\/uploads\/2023\/03\/0.jpg?resize=525%2C300&ssl=1 1.5x, https:\/\/i0.wp.com\/mojmeteor.com\/wp-content\/uploads\/2023\/03\/0.jpg?resize=700%2C400&ssl=1 2x, https:\/\/i0.wp.com\/mojmeteor.com\/wp-content\/uploads\/2023\/03\/0.jpg?resize=1050%2C600&ssl=1 3x, https:\/\/i0.wp.com\/mojmeteor.com\/wp-content\/uploads\/2023\/03\/0.jpg?resize=1400%2C800&ssl=1 4x"},"classes":[]},{"id":6127,"url":"https:\/\/mojmeteor.com\/index.php\/2020\/05\/14\/virtualna-izlozba\/","url_meta":{"origin":8694,"position":4},"title":"UHVATI TRENUTAK 2020.","author":"admin","date":"14\/05\/2020","format":false,"excerpt":"Iako smo ostali doma, u\u017eivajmo u virtualnoj izlo\u017ebi na drugom \u0161kolskom fotonatje\u010daju","rel":"","context":"In &quot;Olovkom i kistom&quot;","block_context":{"text":"Olovkom i kistom","link":"https:\/\/mojmeteor.com\/index.php\/category\/olovkom-i-kistom\/"},"img":{"alt_text":"","src":"https:\/\/i0.wp.com\/mojmeteor.com\/wp-content\/uploads\/2020\/05\/img_20200514_235121.jpg?resize=350%2C200&ssl=1","width":350,"height":200,"srcset":"https:\/\/i0.wp.com\/mojmeteor.com\/wp-content\/uploads\/2020\/05\/img_20200514_235121.jpg?resize=350%2C200&ssl=1 1x, https:\/\/i0.wp.com\/mojmeteor.com\/wp-content\/uploads\/2020\/05\/img_20200514_235121.jpg?resize=525%2C300&ssl=1 1.5x"},"classes":[]},{"id":5478,"url":"https:\/\/mojmeteor.com\/index.php\/2019\/06\/10\/ljubav-sto-je-to\/","url_meta":{"origin":8694,"position":5},"title":"Ljubav, \u0161to je to","author":"admin","date":"10\/06\/2019","format":false,"excerpt":"Posljednji Dan \u0161kole u lipnju proslavljen uz simpati\u010dan program, dvije izlo\u017ebe i sve\u010danu sjednicu","rel":"","context":"In &quot;Doga\u0111anja&quot;","block_context":{"text":"Doga\u0111anja","link":"https:\/\/mojmeteor.com\/index.php\/category\/dogadanja\/"},"img":{"alt_text":"","src":"https:\/\/i0.wp.com\/mojmeteor.com\/wp-content\/uploads\/2019\/06\/d3.jpg?resize=350%2C200&ssl=1","width":350,"height":200,"srcset":"https:\/\/i0.wp.com\/mojmeteor.com\/wp-content\/uploads\/2019\/06\/d3.jpg?resize=350%2C200&ssl=1 1x, https:\/\/i0.wp.com\/mojmeteor.com\/wp-content\/uploads\/2019\/06\/d3.jpg?resize=525%2C300&ssl=1 1.5x, https:\/\/i0.wp.com\/mojmeteor.com\/wp-content\/uploads\/2019\/06\/d3.jpg?resize=700%2C400&ssl=1 2x, https:\/\/i0.wp.com\/mojmeteor.com\/wp-content\/uploads\/2019\/06\/d3.jpg?resize=1050%2C600&ssl=1 3x"},"classes":[]}],"_links":{"self":[{"href":"https:\/\/mojmeteor.com\/index.php\/wp-json\/wp\/v2\/posts\/8694","targetHints":{"allow":["GET"]}}],"collection":[{"href":"https:\/\/mojmeteor.com\/index.php\/wp-json\/wp\/v2\/posts"}],"about":[{"href":"https:\/\/mojmeteor.com\/index.php\/wp-json\/wp\/v2\/types\/post"}],"author":[{"embeddable":true,"href":"https:\/\/mojmeteor.com\/index.php\/wp-json\/wp\/v2\/users\/8"}],"replies":[{"embeddable":true,"href":"https:\/\/mojmeteor.com\/index.php\/wp-json\/wp\/v2\/comments?post=8694"}],"version-history":[{"count":4,"href":"https:\/\/mojmeteor.com\/index.php\/wp-json\/wp\/v2\/posts\/8694\/revisions"}],"predecessor-version":[{"id":8700,"href":"https:\/\/mojmeteor.com\/index.php\/wp-json\/wp\/v2\/posts\/8694\/revisions\/8700"}],"wp:featuredmedia":[{"embeddable":true,"href":"https:\/\/mojmeteor.com\/index.php\/wp-json\/wp\/v2\/media\/8696"}],"wp:attachment":[{"href":"https:\/\/mojmeteor.com\/index.php\/wp-json\/wp\/v2\/media?parent=8694"}],"wp:term":[{"taxonomy":"category","embeddable":true,"href":"https:\/\/mojmeteor.com\/index.php\/wp-json\/wp\/v2\/categories?post=8694"},{"taxonomy":"post_tag","embeddable":true,"href":"https:\/\/mojmeteor.com\/index.php\/wp-json\/wp\/v2\/tags?post=8694"}],"curies":[{"name":"wp","href":"https:\/\/api.w.org\/{rel}","templated":true}]}}