{"id":8940,"date":"2025-02-19T21:01:40","date_gmt":"2025-02-19T21:01:40","guid":{"rendered":"https:\/\/mojmeteor.com\/?p=8940"},"modified":"2025-02-19T21:01:40","modified_gmt":"2025-02-19T21:01:40","slug":"upoznaj-svoje-sugradane-mihael-feric","status":"publish","type":"post","link":"https:\/\/mojmeteor.com\/index.php\/2025\/02\/19\/upoznaj-svoje-sugradane-mihael-feric\/","title":{"rendered":"UPOZNAJ SVOJE SUGRA\u0110ANE: Mihael Feri\u0107"},"content":{"rendered":"\n<p>Tridesetominutni dokumentarni film donosi dirljiv razgovor izme\u0111u djeda Mihaela Feri\u0107a i unuka Juraja Matanovi\u0107a iz 7. c, u kojemu djed \u2013 glasoviti dirigent i etnomuzikolog iz Slavonskog Broda \u2013 otkriva bogatstvo svoje karijere. Razgovor je oboga\u0107en komentarima Nikole Novosela, na\u0161ega u\u010ditelja u mirovini, koji svjedo\u010di o njegovom neprocjenjivom doprinosu slavonskoj glazbi. Video je nastao u sklopu projekta <em>Upoznaj svoje sugra\u0111ane<\/em>, a na njemu su sudjelovali u\u010denici O\u0160 &#8220;Antun Mihanovi\u0107&#8221; Slavonski Brod pod mentorstvom knji\u017eni\u010darke Ivane Brki\u0107 Klimpak i nastavnice Lucije Lebi\u0107.<\/p>\n\n\n\n<figure class=\"wp-block-embed is-type-video is-provider-youtube wp-block-embed-youtube wp-embed-aspect-16-9 wp-has-aspect-ratio\"><div class=\"wp-block-embed__wrapper\">\n<iframe loading=\"lazy\" title=\"Mihael Feri\u0107 - Upoznaj svoje sugra\u0111ane\" width=\"775\" height=\"436\" src=\"https:\/\/www.youtube.com\/embed\/y7IkRPD5pPw?feature=oembed\" frameborder=\"0\" allow=\"accelerometer; autoplay; clipboard-write; encrypted-media; gyroscope; picture-in-picture; web-share\" referrerpolicy=\"strict-origin-when-cross-origin\" allowfullscreen><\/iframe>\n<\/div><\/figure>\n","protected":false},"excerpt":{"rendered":"<p>Tridesetominutni dokumentarni film donosi dirljiv razgovor izme\u0111u djeda Mihaela Feri\u0107a i unuka Juraja Matanovi\u0107a iz 7. c, u kojemu djed \u2013 glasoviti dirigent i etnomuzikolog iz Slavonskog Broda \u2013 otkriva bogatstvo svoje karijere<\/p>\n","protected":false},"author":8,"featured_media":8941,"comment_status":"closed","ping_status":"","sticky":false,"template":"","format":"standard","meta":{"footnotes":""},"categories":[16],"tags":[],"class_list":["post-8940","post","type-post","status-publish","format-standard","has-post-thumbnail","hentry","category-projekti"],"jetpack_sharing_enabled":true,"jetpack_featured_media_url":"https:\/\/mojmeteor.com\/wp-content\/uploads\/2025\/02\/aaaaaa.png","jetpack-related-posts":[{"id":980,"url":"https:\/\/mojmeteor.com\/index.php\/2016\/02\/10\/biciklisticke-zgode-hlapica-i-lime\/","url_meta":{"origin":8940,"position":0},"title":"Biciklisti\u010dke zgode Hlapi\u0107a i Lime","author":"admin","date":"10\/02\/2016","format":false,"excerpt":"U 11 dana Hlapi\u0107 i Lima su pre\u0161li 1000 kilometara na biciklima od Slavonskoga Broda do francuskoga Toulona.","rel":"","context":"In &quot;Zanimljivosti&quot;","block_context":{"text":"Zanimljivosti","link":"https:\/\/mojmeteor.com\/index.php\/category\/zanimljivosti\/"},"img":{"alt_text":"","src":"https:\/\/i0.wp.com\/mojmeteor.com\/wp-content\/uploads\/2016\/02\/hil.jpg?resize=350%2C200&ssl=1","width":350,"height":200,"srcset":"https:\/\/i0.wp.com\/mojmeteor.com\/wp-content\/uploads\/2016\/02\/hil.jpg?resize=350%2C200&ssl=1 1x, https:\/\/i0.wp.com\/mojmeteor.com\/wp-content\/uploads\/2016\/02\/hil.jpg?resize=525%2C300&ssl=1 1.5x, https:\/\/i0.wp.com\/mojmeteor.com\/wp-content\/uploads\/2016\/02\/hil.jpg?resize=700%2C400&ssl=1 2x"},"classes":[]},{"id":7857,"url":"https:\/\/mojmeteor.com\/index.php\/2023\/04\/28\/opis-prostora-zimsko-jutro-na-igralistu\/","url_meta":{"origin":8940,"position":1},"title":"OPIS PROSTORA: Zimsko jutro na igrali\u0161tu","author":"admin","date":"28\/04\/2023","format":false,"excerpt":"Iako je prolje\u0107e, \u0161esta\u0161 Dino zamislio je topao opis zime bogat stilskim sredstvima","rel":"","context":"In &quot;Olovkom i kistom&quot;","block_context":{"text":"Olovkom i kistom","link":"https:\/\/mojmeteor.com\/index.php\/category\/olovkom-i-kistom\/"},"img":{"alt_text":"","src":"https:\/\/i0.wp.com\/mojmeteor.com\/wp-content\/uploads\/2023\/04\/dizajn-bez-naslova.jpg?resize=350%2C200&ssl=1","width":350,"height":200,"srcset":"https:\/\/i0.wp.com\/mojmeteor.com\/wp-content\/uploads\/2023\/04\/dizajn-bez-naslova.jpg?resize=350%2C200&ssl=1 1x, https:\/\/i0.wp.com\/mojmeteor.com\/wp-content\/uploads\/2023\/04\/dizajn-bez-naslova.jpg?resize=525%2C300&ssl=1 1.5x, https:\/\/i0.wp.com\/mojmeteor.com\/wp-content\/uploads\/2023\/04\/dizajn-bez-naslova.jpg?resize=700%2C400&ssl=1 2x, https:\/\/i0.wp.com\/mojmeteor.com\/wp-content\/uploads\/2023\/04\/dizajn-bez-naslova.jpg?resize=1050%2C600&ssl=1 3x, https:\/\/i0.wp.com\/mojmeteor.com\/wp-content\/uploads\/2023\/04\/dizajn-bez-naslova.jpg?resize=1400%2C800&ssl=1 4x"},"classes":[]},{"id":6521,"url":"https:\/\/mojmeteor.com\/index.php\/2021\/06\/09\/dirljiv-dokumentarac-o-prijateljstvu-i-odanosti-starac-i-roda\/","url_meta":{"origin":8940,"position":2},"title":"DIRLJIV DOKUMENTARAC O PRIJATELJSTVU I ODANOSTI: Starac i roda","author":"admin","date":"09\/06\/2021","format":false,"excerpt":"Gledali smo dokumentarni dugometra\u017eni film \"Starac i roda\" Tomislava Jelin\u010di\u0107a koji ljubavnu pri\u010du o rodama Malenoj i Klepetanu donosi iz druk\u010dijega kuta","rel":"","context":"In &quot;Nastava&quot;","block_context":{"text":"Nastava","link":"https:\/\/mojmeteor.com\/index.php\/category\/nastava\/"},"img":{"alt_text":"","src":"https:\/\/i0.wp.com\/mojmeteor.com\/wp-content\/uploads\/2021\/06\/7.5.2021_12_02_44_starac_i_roda.jpg?resize=350%2C200&ssl=1","width":350,"height":200},"classes":[]},{"id":8774,"url":"https:\/\/mojmeteor.com\/index.php\/2024\/08\/20\/otkljucaj-svoje-talente-poticaj-na-razvoj-osobnih-darova\/","url_meta":{"origin":8940,"position":3},"title":"RADIONICA POTICANJA RAZVOJA OSOBNIH DAROVA: Otklju\u010daj svoje talente","author":"admin","date":"20\/08\/2024","format":false,"excerpt":"Uz film darovite dru\u017eine O\u0160 Antuna Mihanovi\u0107a Slavonski Brod koji je nastao u sklopu projekta s darovitim u\u010denicima \"Ne bi li ljep\u0161e bilo? (Kako daroviti pojedinac utje\u010de na zajednicu)\" uz potporu Ministarstva znanosti, obrazovanja i mladih 2024. godine objavljujemo interaktivni materijal kojim predla\u017eemo aktivnosti i poveznice na dodatne materijale kako\u2026","rel":"","context":"In &quot;Projekti&quot;","block_context":{"text":"Projekti","link":"https:\/\/mojmeteor.com\/index.php\/category\/projekti\/"},"img":{"alt_text":"","src":"https:\/\/i0.wp.com\/mojmeteor.com\/wp-content\/uploads\/2024\/06\/FB_IMG_1717770247229.jpg?resize=350%2C200&ssl=1","width":350,"height":200,"srcset":"https:\/\/i0.wp.com\/mojmeteor.com\/wp-content\/uploads\/2024\/06\/FB_IMG_1717770247229.jpg?resize=350%2C200&ssl=1 1x, https:\/\/i0.wp.com\/mojmeteor.com\/wp-content\/uploads\/2024\/06\/FB_IMG_1717770247229.jpg?resize=525%2C300&ssl=1 1.5x, https:\/\/i0.wp.com\/mojmeteor.com\/wp-content\/uploads\/2024\/06\/FB_IMG_1717770247229.jpg?resize=700%2C400&ssl=1 2x, https:\/\/i0.wp.com\/mojmeteor.com\/wp-content\/uploads\/2024\/06\/FB_IMG_1717770247229.jpg?resize=1050%2C600&ssl=1 3x"},"classes":[]},{"id":4579,"url":"https:\/\/mojmeteor.com\/index.php\/2017\/11\/05\/drugi-drzavni-kviz-o-tadiji\/","url_meta":{"origin":8940,"position":4},"title":"Drugi dr\u017eavni kviz o Tadiji","author":"admin","date":"05\/11\/2017","format":false,"excerpt":"Uz Tadijin 112. ro\u0111endan 28 ekipa iz Hrvatske se natjecalo u poznavanju \u017eivota i djela na\u0161ega pjesnika.","rel":"","context":"In &quot;Doga\u0111anja&quot;","block_context":{"text":"Doga\u0111anja","link":"https:\/\/mojmeteor.com\/index.php\/category\/dogadanja\/"},"img":{"alt_text":"","src":"https:\/\/i0.wp.com\/mojmeteor.com\/wp-content\/uploads\/2017\/11\/5.jpg?resize=350%2C200&ssl=1","width":350,"height":200,"srcset":"https:\/\/i0.wp.com\/mojmeteor.com\/wp-content\/uploads\/2017\/11\/5.jpg?resize=350%2C200&ssl=1 1x, https:\/\/i0.wp.com\/mojmeteor.com\/wp-content\/uploads\/2017\/11\/5.jpg?resize=525%2C300&ssl=1 1.5x"},"classes":[]},{"id":6876,"url":"https:\/\/mojmeteor.com\/index.php\/2022\/05\/10\/kako-smo-kroz-likovne-aktivnosti-obiljezili-manifestaciju-u-svijetu-bajki-ivane-brlic-mazuranic\/","url_meta":{"origin":8940,"position":5},"title":"U SVIJETU BAJKI: Kako smo kroz likovne aktivnosti obilje\u017eili manifestaciju","author":"admin","date":"10\/05\/2022","format":false,"excerpt":"Tjedan kada klju\u010devi grada pripadaju djeci obilje\u017eili smo od 25. travnja do 1. svibnja 2022., a ove godine posebno smo ponosni na likovna postignu\u0107a na\u0161ih u\u010denika","rel":"","context":"In &quot;Olovkom i kistom&quot;","block_context":{"text":"Olovkom i kistom","link":"https:\/\/mojmeteor.com\/index.php\/category\/olovkom-i-kistom\/"},"img":{"alt_text":"","src":"https:\/\/i0.wp.com\/mojmeteor.com\/wp-content\/uploads\/2022\/05\/dscn7402-scaled.jpg?resize=350%2C200&ssl=1","width":350,"height":200,"srcset":"https:\/\/i0.wp.com\/mojmeteor.com\/wp-content\/uploads\/2022\/05\/dscn7402-scaled.jpg?resize=350%2C200&ssl=1 1x, https:\/\/i0.wp.com\/mojmeteor.com\/wp-content\/uploads\/2022\/05\/dscn7402-scaled.jpg?resize=525%2C300&ssl=1 1.5x, https:\/\/i0.wp.com\/mojmeteor.com\/wp-content\/uploads\/2022\/05\/dscn7402-scaled.jpg?resize=700%2C400&ssl=1 2x, https:\/\/i0.wp.com\/mojmeteor.com\/wp-content\/uploads\/2022\/05\/dscn7402-scaled.jpg?resize=1050%2C600&ssl=1 3x, https:\/\/i0.wp.com\/mojmeteor.com\/wp-content\/uploads\/2022\/05\/dscn7402-scaled.jpg?resize=1400%2C800&ssl=1 4x"},"classes":[]}],"_links":{"self":[{"href":"https:\/\/mojmeteor.com\/index.php\/wp-json\/wp\/v2\/posts\/8940","targetHints":{"allow":["GET"]}}],"collection":[{"href":"https:\/\/mojmeteor.com\/index.php\/wp-json\/wp\/v2\/posts"}],"about":[{"href":"https:\/\/mojmeteor.com\/index.php\/wp-json\/wp\/v2\/types\/post"}],"author":[{"embeddable":true,"href":"https:\/\/mojmeteor.com\/index.php\/wp-json\/wp\/v2\/users\/8"}],"replies":[{"embeddable":true,"href":"https:\/\/mojmeteor.com\/index.php\/wp-json\/wp\/v2\/comments?post=8940"}],"version-history":[{"count":1,"href":"https:\/\/mojmeteor.com\/index.php\/wp-json\/wp\/v2\/posts\/8940\/revisions"}],"predecessor-version":[{"id":8942,"href":"https:\/\/mojmeteor.com\/index.php\/wp-json\/wp\/v2\/posts\/8940\/revisions\/8942"}],"wp:featuredmedia":[{"embeddable":true,"href":"https:\/\/mojmeteor.com\/index.php\/wp-json\/wp\/v2\/media\/8941"}],"wp:attachment":[{"href":"https:\/\/mojmeteor.com\/index.php\/wp-json\/wp\/v2\/media?parent=8940"}],"wp:term":[{"taxonomy":"category","embeddable":true,"href":"https:\/\/mojmeteor.com\/index.php\/wp-json\/wp\/v2\/categories?post=8940"},{"taxonomy":"post_tag","embeddable":true,"href":"https:\/\/mojmeteor.com\/index.php\/wp-json\/wp\/v2\/tags?post=8940"}],"curies":[{"name":"wp","href":"https:\/\/api.w.org\/{rel}","templated":true}]}}