{"id":9184,"date":"2025-05-23T16:54:24","date_gmt":"2025-05-23T16:54:24","guid":{"rendered":"https:\/\/mojmeteor.com\/?p=9184"},"modified":"2025-06-11T17:15:18","modified_gmt":"2025-06-11T17:15:18","slug":"nasa-mala-knjiznica-najbolje-nam-je-islo-skretanje-s-teme","status":"publish","type":"post","link":"https:\/\/mojmeteor.com\/index.php\/2025\/05\/23\/nasa-mala-knjiznica-najbolje-nam-je-islo-skretanje-s-teme\/","title":{"rendered":"NA\u0160A MALA KNJI\u017dNICA: Najbolje nam je i\u0161lo skretanje s teme"},"content":{"rendered":"\n<p class=\"has-text-color has-background has-link-color wp-elements-1 wp-block-paragraph\" style=\"color:#090000;background:linear-gradient(135deg,rgb(252,185,0) 80%,rgb(255,105,0) 100%)\">Od velja\u010de do svibnja 2025. godine desetak u\u010denica 6. i 8. razreda zajedno s nastavnicama Hrvatskog jezika Ivanom Merkler i Marijom \u010calu\u0161i\u0107 stvorile su mali knji\u017eevni klub u sklopu projekta poticanja \u010ditanja Na\u0161a mala knji\u017enica 3. Na po\u010detku smo dobile maleni dnevnik u kojega smo mogle upisivati \u010dinjenice  o knjizi koju smo \u010ditale i knjigu za \u010ditanje.\u00a0\u00a0<\/p>\n\n\n\n<figure class=\"wp-block-image size-large\"><img loading=\"lazy\" decoding=\"async\" width=\"1024\" height=\"768\" src=\"https:\/\/mojmeteor.com\/wp-content\/uploads\/2025\/06\/1.-SUSRET-Ynari-1-1024x768.jpg\" alt=\"\" class=\"wp-image-9192\" srcset=\"https:\/\/mojmeteor.com\/wp-content\/uploads\/2025\/06\/1.-SUSRET-Ynari-1-1024x768.jpg 1024w, https:\/\/mojmeteor.com\/wp-content\/uploads\/2025\/06\/1.-SUSRET-Ynari-1-300x225.jpg 300w, https:\/\/mojmeteor.com\/wp-content\/uploads\/2025\/06\/1.-SUSRET-Ynari-1-768x576.jpg 768w, https:\/\/mojmeteor.com\/wp-content\/uploads\/2025\/06\/1.-SUSRET-Ynari-1-1536x1152.jpg 1536w, https:\/\/mojmeteor.com\/wp-content\/uploads\/2025\/06\/1.-SUSRET-Ynari-1-2048x1536.jpg 2048w, https:\/\/mojmeteor.com\/wp-content\/uploads\/2025\/06\/1.-SUSRET-Ynari-1-267x200.jpg 267w\" sizes=\"auto, (max-width: 1024px) 100vw, 1024px\" \/><figcaption class=\"wp-element-caption\">Dogovor i podjela knjiga te dnevnika \u010ditanja<\/figcaption><\/figure>\n\n\n\n<p class=\"wp-block-paragraph\">Prvi susret je odr\u017ean u velja\u010di kad smo sve pro\u010ditale Ondjakijevu slikovnicu za mlade <strong>Ynari \u2013 djevoj\u010dica s pet pletenica. <\/strong>Tijekom susreta opu\u0161teno smo razgovarale o knjizi i potaknute Ynari, koja je imala misiju spre\u010davanja rata izme\u0111u nekoliko plemena, razmi\u0161ljale smo \u0161to je na\u0161a misija, tj. za \u0161to smo stvorene. Osma\u0161ica Iva je rekla kako bi voljela raditi i pomagati djeci. Ve\u0107 sutradan je dobila priliku razvijati svoj talent bodre\u0107i u\u010denike ni\u017eih razreda tijekom audicije za karaoke pod maskama.\u00a0<\/p>\n\n\n\n<div class=\"wp-block-jetpack-slideshow aligncenter\" data-effect=\"slide\"><div class=\"wp-block-jetpack-slideshow_container swiper-container\"><ul class=\"wp-block-jetpack-slideshow_swiper-wrapper swiper-wrapper\"><li class=\"wp-block-jetpack-slideshow_slide swiper-slide\"><figure><img loading=\"lazy\" decoding=\"async\" width=\"1024\" height=\"768\" alt=\"\" class=\"wp-block-jetpack-slideshow_image wp-image-9193\" data-id=\"9193\" src=\"https:\/\/mojmeteor.com\/wp-content\/uploads\/2025\/06\/2.-susret-Loranca-1024x768.jpg\" srcset=\"https:\/\/mojmeteor.com\/wp-content\/uploads\/2025\/06\/2.-susret-Loranca-1024x768.jpg 1024w, https:\/\/mojmeteor.com\/wp-content\/uploads\/2025\/06\/2.-susret-Loranca-300x225.jpg 300w, https:\/\/mojmeteor.com\/wp-content\/uploads\/2025\/06\/2.-susret-Loranca-768x576.jpg 768w, https:\/\/mojmeteor.com\/wp-content\/uploads\/2025\/06\/2.-susret-Loranca-1536x1152.jpg 1536w, https:\/\/mojmeteor.com\/wp-content\/uploads\/2025\/06\/2.-susret-Loranca-2048x1536.jpg 2048w, https:\/\/mojmeteor.com\/wp-content\/uploads\/2025\/06\/2.-susret-Loranca-267x200.jpg 267w\" sizes=\"auto, (max-width: 1024px) 100vw, 1024px\" \/><figcaption class=\"wp-block-jetpack-slideshow_caption gallery-caption\">U dubinama&#8230;<\/figcaption><\/figure><\/li><li class=\"wp-block-jetpack-slideshow_slide swiper-slide\"><figure><img loading=\"lazy\" decoding=\"async\" width=\"1024\" height=\"768\" alt=\"\" class=\"wp-block-jetpack-slideshow_image wp-image-9196\" data-id=\"9196\" src=\"https:\/\/mojmeteor.com\/wp-content\/uploads\/2025\/06\/2.L2-1024x768.jpg\" srcset=\"https:\/\/mojmeteor.com\/wp-content\/uploads\/2025\/06\/2.L2-1024x768.jpg 1024w, https:\/\/mojmeteor.com\/wp-content\/uploads\/2025\/06\/2.L2-300x225.jpg 300w, https:\/\/mojmeteor.com\/wp-content\/uploads\/2025\/06\/2.L2-768x576.jpg 768w, https:\/\/mojmeteor.com\/wp-content\/uploads\/2025\/06\/2.L2-1536x1152.jpg 1536w, https:\/\/mojmeteor.com\/wp-content\/uploads\/2025\/06\/2.L2-2048x1536.jpg 2048w, https:\/\/mojmeteor.com\/wp-content\/uploads\/2025\/06\/2.L2-267x200.jpg 267w\" sizes=\"auto, (max-width: 1024px) 100vw, 1024px\" \/><figcaption class=\"wp-block-jetpack-slideshow_caption gallery-caption\">Loran\u010de<\/figcaption><\/figure><\/li><li class=\"wp-block-jetpack-slideshow_slide swiper-slide\"><figure><img loading=\"lazy\" decoding=\"async\" width=\"1024\" height=\"768\" alt=\"\" class=\"wp-block-jetpack-slideshow_image wp-image-9194\" data-id=\"9194\" src=\"https:\/\/mojmeteor.com\/wp-content\/uploads\/2025\/06\/2.L9-1024x768.jpg\" srcset=\"https:\/\/mojmeteor.com\/wp-content\/uploads\/2025\/06\/2.L9-1024x768.jpg 1024w, https:\/\/mojmeteor.com\/wp-content\/uploads\/2025\/06\/2.L9-300x225.jpg 300w, https:\/\/mojmeteor.com\/wp-content\/uploads\/2025\/06\/2.L9-768x576.jpg 768w, https:\/\/mojmeteor.com\/wp-content\/uploads\/2025\/06\/2.L9-1536x1152.jpg 1536w, https:\/\/mojmeteor.com\/wp-content\/uploads\/2025\/06\/2.L9-2048x1536.jpg 2048w, https:\/\/mojmeteor.com\/wp-content\/uploads\/2025\/06\/2.L9-267x200.jpg 267w\" sizes=\"auto, (max-width: 1024px) 100vw, 1024px\" \/><figcaption class=\"wp-block-jetpack-slideshow_caption gallery-caption\">Hokej s naran\u010dama&#8230;<\/figcaption><\/figure><\/li><li class=\"wp-block-jetpack-slideshow_slide swiper-slide\"><figure><img loading=\"lazy\" decoding=\"async\" width=\"1024\" height=\"768\" alt=\"\" class=\"wp-block-jetpack-slideshow_image wp-image-9195\" data-id=\"9195\" src=\"https:\/\/mojmeteor.com\/wp-content\/uploads\/2025\/06\/2.L7-1024x768.jpg\" srcset=\"https:\/\/mojmeteor.com\/wp-content\/uploads\/2025\/06\/2.L7-1024x768.jpg 1024w, https:\/\/mojmeteor.com\/wp-content\/uploads\/2025\/06\/2.L7-300x225.jpg 300w, https:\/\/mojmeteor.com\/wp-content\/uploads\/2025\/06\/2.L7-768x576.jpg 768w, https:\/\/mojmeteor.com\/wp-content\/uploads\/2025\/06\/2.L7-1536x1152.jpg 1536w, https:\/\/mojmeteor.com\/wp-content\/uploads\/2025\/06\/2.L7-2048x1536.jpg 2048w, https:\/\/mojmeteor.com\/wp-content\/uploads\/2025\/06\/2.L7-267x200.jpg 267w\" sizes=\"auto, (max-width: 1024px) 100vw, 1024px\" \/><figcaption class=\"wp-block-jetpack-slideshow_caption gallery-caption\">i ozbiljne natjecateljice<\/figcaption><\/figure><\/li><\/ul><a class=\"wp-block-jetpack-slideshow_button-prev swiper-button-prev swiper-button-white\" role=\"button\"><\/a><a class=\"wp-block-jetpack-slideshow_button-next swiper-button-next swiper-button-white\" role=\"button\"><\/a><a aria-label=\"Pause Slideshow\" class=\"wp-block-jetpack-slideshow_button-pause\" role=\"button\"><\/a><div class=\"wp-block-jetpack-slideshow_pagination swiper-pagination swiper-pagination-white\"><\/div><\/div><\/div>\n\n\n\n<p class=\"wp-block-paragraph\">Na drugom susretu smo se nakon razgovora koji je pripremila Dora Samard\u017ei\u0107 izvrsno zabavile igraju\u0107i hokej s naran\u010dama i metlama uzorom na otka\u010deni roman pod nazivom <em>Loran\u010da. <\/em>Tre\u0107i susret je odr\u017ean u svibnju. Vodile su ga u\u010denice 8. b razreda Lucija Kova\u010devi\u0107 i Ana \u017dderi\u0107. Lucijina knjiga <strong>Mjesec kao zlatna la\u0111a<\/strong> govorila je o djeci, tj. jednoj djevoj\u010dici za vrijeme Drugog svjetskog rata. Ana je pri\u010dala o pomalo neobi\u010dnoj, ali i otka\u010denoj knjizi <strong>Zamijenjen <\/strong>i govori o jednoj djevoj\u010dici koja upoznaje novog prijatelja i po\u010dinju im se doga\u0111ati jako \u010dudne stvari. Obje su nam donijele primjerak ulomka knjige kojeg smo kasnije prokomentirale, ali smo naravno stalno skretale s teme. \u010citale su se jo\u0161 knjige <strong>Modri Portugalac<\/strong> i <strong>Blje\u0161tavka<\/strong>.<\/p>\n\n\n\n<div class=\"wp-block-jetpack-slideshow aligncenter\" data-effect=\"slide\"><div class=\"wp-block-jetpack-slideshow_container swiper-container\"><ul class=\"wp-block-jetpack-slideshow_swiper-wrapper swiper-wrapper\"><li class=\"wp-block-jetpack-slideshow_slide swiper-slide\"><figure><img loading=\"lazy\" decoding=\"async\" width=\"1024\" height=\"768\" alt=\"\" class=\"wp-block-jetpack-slideshow_image wp-image-9198\" data-id=\"9198\" src=\"https:\/\/mojmeteor.com\/wp-content\/uploads\/2025\/06\/IMG_20250520_183948-1024x768.jpg\" srcset=\"https:\/\/mojmeteor.com\/wp-content\/uploads\/2025\/06\/IMG_20250520_183948-1024x768.jpg 1024w, https:\/\/mojmeteor.com\/wp-content\/uploads\/2025\/06\/IMG_20250520_183948-300x225.jpg 300w, https:\/\/mojmeteor.com\/wp-content\/uploads\/2025\/06\/IMG_20250520_183948-768x576.jpg 768w, https:\/\/mojmeteor.com\/wp-content\/uploads\/2025\/06\/IMG_20250520_183948-1536x1152.jpg 1536w, https:\/\/mojmeteor.com\/wp-content\/uploads\/2025\/06\/IMG_20250520_183948-2048x1536.jpg 2048w, https:\/\/mojmeteor.com\/wp-content\/uploads\/2025\/06\/IMG_20250520_183948-267x200.jpg 267w\" sizes=\"auto, (max-width: 1024px) 100vw, 1024px\" \/><figcaption class=\"wp-block-jetpack-slideshow_caption gallery-caption\">Ana dijeli ulomke<\/figcaption><\/figure><\/li><li class=\"wp-block-jetpack-slideshow_slide swiper-slide\"><figure><img loading=\"lazy\" decoding=\"async\" width=\"1024\" height=\"768\" alt=\"\" class=\"wp-block-jetpack-slideshow_image wp-image-9197\" data-id=\"9197\" src=\"https:\/\/mojmeteor.com\/wp-content\/uploads\/2025\/06\/IMG_20250520_181802-1024x768.jpg\" srcset=\"https:\/\/mojmeteor.com\/wp-content\/uploads\/2025\/06\/IMG_20250520_181802-1024x768.jpg 1024w, https:\/\/mojmeteor.com\/wp-content\/uploads\/2025\/06\/IMG_20250520_181802-300x225.jpg 300w, https:\/\/mojmeteor.com\/wp-content\/uploads\/2025\/06\/IMG_20250520_181802-768x576.jpg 768w, https:\/\/mojmeteor.com\/wp-content\/uploads\/2025\/06\/IMG_20250520_181802-1536x1152.jpg 1536w, https:\/\/mojmeteor.com\/wp-content\/uploads\/2025\/06\/IMG_20250520_181802-2048x1536.jpg 2048w, https:\/\/mojmeteor.com\/wp-content\/uploads\/2025\/06\/IMG_20250520_181802-267x200.jpg 267w\" sizes=\"auto, (max-width: 1024px) 100vw, 1024px\" \/><figcaption class=\"wp-block-jetpack-slideshow_caption gallery-caption\">Opu\u0161teno i slobodno dru\u017eenje<\/figcaption><\/figure><\/li><\/ul><a class=\"wp-block-jetpack-slideshow_button-prev swiper-button-prev swiper-button-white\" role=\"button\"><\/a><a class=\"wp-block-jetpack-slideshow_button-next swiper-button-next swiper-button-white\" role=\"button\"><\/a><a aria-label=\"Pause Slideshow\" class=\"wp-block-jetpack-slideshow_button-pause\" role=\"button\"><\/a><div class=\"wp-block-jetpack-slideshow_pagination swiper-pagination swiper-pagination-white\"><\/div><\/div><\/div>\n\n\n\n<p class=\"wp-block-paragraph\">Upravo opu\u0161teni, slobodni razgovor i smijeh ostat \u0107e nam kao uspomena na zajedni\u010dke trenutke dru\u017eenja s knjigom. Time je zavr\u0161ila <em>Na\u0161a mala knji\u017enica <\/em>za ovu \u0161kolsku godinu.\u00a0<\/p>\n\n\n\n<p class=\"has-text-align-right wp-block-paragraph\"><strong>Pripremila: Klara Brkanac, 6. b<\/strong><\/p>\n\n\n\n<p class=\"wp-block-paragraph\"><\/p>\n","protected":false},"excerpt":{"rendered":"<p>\u010citanje knjige, vo\u0111enje dnevnika \u010ditanja te nekoliko susreta na kojima se opu\u0161teno \u010davrljalo o pro\u010ditanim knjigama &#8211; ono je \u0161to se radilo u sklopu projekta poticanja \u010ditanja<\/p>\n","protected":false},"author":8,"featured_media":9197,"comment_status":"closed","ping_status":"","sticky":false,"template":"","format":"standard","meta":{"footnotes":""},"categories":[16],"tags":[],"class_list":["post-9184","post","type-post","status-publish","format-standard","has-post-thumbnail","hentry","category-projekti"],"jetpack_sharing_enabled":true,"jetpack_featured_media_url":"https:\/\/mojmeteor.com\/wp-content\/uploads\/2025\/06\/IMG_20250520_181802-scaled.jpg","jetpack-related-posts":[{"id":4525,"url":"https:\/\/mojmeteor.com\/index.php\/2017\/10\/27\/tulum-slova\/","url_meta":{"origin":9184,"position":0},"title":"Tulum s(l)ova","author":"admin","date":"27\/10\/2017","format":false,"excerpt":"No\u0107ni \u010ditateljski susret za 7. i 8. razrede uz dru\u0161tvene igre i dru\u017eenje preko Skype-a s u\u010denicima iz Virja.","rel":"","context":"In &quot;Doga\u0111anja&quot;","block_context":{"text":"Doga\u0111anja","link":"https:\/\/mojmeteor.com\/index.php\/category\/dogadanja\/"},"img":{"alt_text":"","src":"https:\/\/i0.wp.com\/mojmeteor.com\/wp-content\/uploads\/2017\/10\/15.jpg?resize=350%2C200&ssl=1","width":350,"height":200,"srcset":"https:\/\/i0.wp.com\/mojmeteor.com\/wp-content\/uploads\/2017\/10\/15.jpg?resize=350%2C200&ssl=1 1x, https:\/\/i0.wp.com\/mojmeteor.com\/wp-content\/uploads\/2017\/10\/15.jpg?resize=525%2C300&ssl=1 1.5x, https:\/\/i0.wp.com\/mojmeteor.com\/wp-content\/uploads\/2017\/10\/15.jpg?resize=700%2C400&ssl=1 2x"},"classes":[]},{"id":8642,"url":"https:\/\/mojmeteor.com\/index.php\/2024\/06\/14\/projekt-citanje-ne-poznaje-granice-hrvati-u-mislecim-sesirima-slovenci-crtaci-stripa\/","url_meta":{"origin":9184,"position":1},"title":"PROJEKT \u010cITANJE NE POZNAJE GRANICE: Hrvati u misle\u0107im \u0161e\u0161irima, Slovenci crta\u010di stripa","author":"admin","date":"14\/06\/2024","format":false,"excerpt":"I ove \u0161kolske godine smo se uklju\u010dili u Projekt za poticanje \u010ditanja i razvoj razli\u010ditih vrsta pismenosti \u010citanje ne poznaje granice\/Branje ne pozna meja","rel":"","context":"In &quot;Nastava&quot;","block_context":{"text":"Nastava","link":"https:\/\/mojmeteor.com\/index.php\/category\/nastava\/"},"img":{"alt_text":"","src":"https:\/\/i0.wp.com\/mojmeteor.com\/wp-content\/uploads\/2024\/06\/20240614_093251-scaled.jpg?resize=350%2C200&ssl=1","width":350,"height":200,"srcset":"https:\/\/i0.wp.com\/mojmeteor.com\/wp-content\/uploads\/2024\/06\/20240614_093251-scaled.jpg?resize=350%2C200&ssl=1 1x, https:\/\/i0.wp.com\/mojmeteor.com\/wp-content\/uploads\/2024\/06\/20240614_093251-scaled.jpg?resize=525%2C300&ssl=1 1.5x, https:\/\/i0.wp.com\/mojmeteor.com\/wp-content\/uploads\/2024\/06\/20240614_093251-scaled.jpg?resize=700%2C400&ssl=1 2x, https:\/\/i0.wp.com\/mojmeteor.com\/wp-content\/uploads\/2024\/06\/20240614_093251-scaled.jpg?resize=1050%2C600&ssl=1 3x, https:\/\/i0.wp.com\/mojmeteor.com\/wp-content\/uploads\/2024\/06\/20240614_093251-scaled.jpg?resize=1400%2C800&ssl=1 4x"},"classes":[]},{"id":7218,"url":"https:\/\/mojmeteor.com\/index.php\/2022\/10\/28\/lektira-za-deset-cita-se-kod-kuce-analizira-u-skoli-gradskoj-knjiznici-i-kuci-brlic\/","url_meta":{"origin":9184,"position":2},"title":"LEKTIRA ZA DESET: \u010cita se kod ku\u0107e, analizira u \u0161koli, Gradskoj knji\u017enici i Ku\u0107i Brli\u0107","author":"admin","date":"28\/10\/2022","format":false,"excerpt":"3. a sa svojom u\u010diteljicom Marinom Sudarevi\u0107 nakon \u010ditanja lektire \u010cudnovate zgode \u0161egrta Hlapi\u0107a na kvizu i radionici u Gradskoj knji\u017enici pa u Ku\u0107i Brli\u0107","rel":"","context":"In &quot;Nastava&quot;","block_context":{"text":"Nastava","link":"https:\/\/mojmeteor.com\/index.php\/category\/nastava\/"},"img":{"alt_text":"","src":"https:\/\/i0.wp.com\/mojmeteor.com\/wp-content\/uploads\/2022\/11\/img_20221014_131523681_mf_portrait-scaled.jpg?resize=350%2C200&ssl=1","width":350,"height":200,"srcset":"https:\/\/i0.wp.com\/mojmeteor.com\/wp-content\/uploads\/2022\/11\/img_20221014_131523681_mf_portrait-scaled.jpg?resize=350%2C200&ssl=1 1x, https:\/\/i0.wp.com\/mojmeteor.com\/wp-content\/uploads\/2022\/11\/img_20221014_131523681_mf_portrait-scaled.jpg?resize=525%2C300&ssl=1 1.5x, https:\/\/i0.wp.com\/mojmeteor.com\/wp-content\/uploads\/2022\/11\/img_20221014_131523681_mf_portrait-scaled.jpg?resize=700%2C400&ssl=1 2x, https:\/\/i0.wp.com\/mojmeteor.com\/wp-content\/uploads\/2022\/11\/img_20221014_131523681_mf_portrait-scaled.jpg?resize=1050%2C600&ssl=1 3x, https:\/\/i0.wp.com\/mojmeteor.com\/wp-content\/uploads\/2022\/11\/img_20221014_131523681_mf_portrait-scaled.jpg?resize=1400%2C800&ssl=1 4x"},"classes":[]},{"id":361,"url":"https:\/\/mojmeteor.com\/index.php\/2016\/01\/19\/neva-brzocitacica\/","url_meta":{"origin":9184,"position":3},"title":"Neva brzo\u010dita\u010dica","author":"admin","date":"19\/01\/2016","format":false,"excerpt":"Neva Galeta (5.b) u 4. razredu je tijekom testiranja pro\u010ditala 124 rije\u010di u minuti. Luka Lipovac saznao je tajnu njezinoga brzog \u010ditanja.","rel":"","context":"In &quot;Zanimljivosti&quot;","block_context":{"text":"Zanimljivosti","link":"https:\/\/mojmeteor.com\/index.php\/category\/zanimljivosti\/"},"img":{"alt_text":"","src":"https:\/\/i0.wp.com\/mojmeteor.com\/wp-content\/uploads\/2016\/01\/neva-brzoc48ditac48dica-scaled.jpg?resize=350%2C200&ssl=1","width":350,"height":200,"srcset":"https:\/\/i0.wp.com\/mojmeteor.com\/wp-content\/uploads\/2016\/01\/neva-brzoc48ditac48dica-scaled.jpg?resize=350%2C200&ssl=1 1x, https:\/\/i0.wp.com\/mojmeteor.com\/wp-content\/uploads\/2016\/01\/neva-brzoc48ditac48dica-scaled.jpg?resize=525%2C300&ssl=1 1.5x, https:\/\/i0.wp.com\/mojmeteor.com\/wp-content\/uploads\/2016\/01\/neva-brzoc48ditac48dica-scaled.jpg?resize=700%2C400&ssl=1 2x, https:\/\/i0.wp.com\/mojmeteor.com\/wp-content\/uploads\/2016\/01\/neva-brzoc48ditac48dica-scaled.jpg?resize=1050%2C600&ssl=1 3x, https:\/\/i0.wp.com\/mojmeteor.com\/wp-content\/uploads\/2016\/01\/neva-brzoc48ditac48dica-scaled.jpg?resize=1400%2C800&ssl=1 4x"},"classes":[]},{"id":295,"url":"https:\/\/mojmeteor.com\/index.php\/2015\/10\/29\/zasto-je-vazno-brzo-citati\/","url_meta":{"origin":9184,"position":4},"title":"Za\u0161to je va\u017eno brzo \u010ditati","author":"admin","date":"29\/10\/2015","format":false,"excerpt":"O brzom \u010ditanju i brzo\u010dita\u010dkim rekorderima \u0161kole pi\u0161e nam na\u0161a pedagoginja.","rel":"","context":"In &quot;Zanimljivosti&quot;","block_context":{"text":"Zanimljivosti","link":"https:\/\/mojmeteor.com\/index.php\/category\/zanimljivosti\/"},"img":{"alt_text":"","src":"https:\/\/i0.wp.com\/mojmeteor.com\/wp-content\/uploads\/2016\/01\/brzo-c48ditanje.jpg?resize=350%2C200&ssl=1","width":350,"height":200},"classes":[]},{"id":9241,"url":"https:\/\/mojmeteor.com\/index.php\/2025\/09\/29\/javni-govor-sedmasa-kako-nasa-buducnost-ovisi-o-citanju\/","url_meta":{"origin":9184,"position":5},"title":"JAVNI GOVOR SEDMA\u0160A: Kako na\u0161a budu\u0107nost ovisi o \u010ditanju?","author":"admin","date":"29\/09\/2025","format":false,"excerpt":"Kakva je veza izme\u0111u kemije tijela, mobitela i \u010ditanja te koliko \u010ditanje odre\u0111uje na\u0161u budu\u0107nost, nau\u010dili su nas sedma\u0161i tijekom vje\u017ebanja javnoga govora","rel":"","context":"In &quot;Nastava&quot;","block_context":{"text":"Nastava","link":"https:\/\/mojmeteor.com\/index.php\/category\/nastava\/"},"img":{"alt_text":"","src":"https:\/\/i0.wp.com\/mojmeteor.com\/wp-content\/uploads\/2025\/09\/IMG_20250926_100437-scaled.jpg?resize=350%2C200&ssl=1","width":350,"height":200,"srcset":"https:\/\/i0.wp.com\/mojmeteor.com\/wp-content\/uploads\/2025\/09\/IMG_20250926_100437-scaled.jpg?resize=350%2C200&ssl=1 1x, https:\/\/i0.wp.com\/mojmeteor.com\/wp-content\/uploads\/2025\/09\/IMG_20250926_100437-scaled.jpg?resize=525%2C300&ssl=1 1.5x, https:\/\/i0.wp.com\/mojmeteor.com\/wp-content\/uploads\/2025\/09\/IMG_20250926_100437-scaled.jpg?resize=700%2C400&ssl=1 2x, https:\/\/i0.wp.com\/mojmeteor.com\/wp-content\/uploads\/2025\/09\/IMG_20250926_100437-scaled.jpg?resize=1050%2C600&ssl=1 3x, https:\/\/i0.wp.com\/mojmeteor.com\/wp-content\/uploads\/2025\/09\/IMG_20250926_100437-scaled.jpg?resize=1400%2C800&ssl=1 4x"},"classes":[]}],"_links":{"self":[{"href":"https:\/\/mojmeteor.com\/index.php\/wp-json\/wp\/v2\/posts\/9184","targetHints":{"allow":["GET"]}}],"collection":[{"href":"https:\/\/mojmeteor.com\/index.php\/wp-json\/wp\/v2\/posts"}],"about":[{"href":"https:\/\/mojmeteor.com\/index.php\/wp-json\/wp\/v2\/types\/post"}],"author":[{"embeddable":true,"href":"https:\/\/mojmeteor.com\/index.php\/wp-json\/wp\/v2\/users\/8"}],"replies":[{"embeddable":true,"href":"https:\/\/mojmeteor.com\/index.php\/wp-json\/wp\/v2\/comments?post=9184"}],"version-history":[{"count":2,"href":"https:\/\/mojmeteor.com\/index.php\/wp-json\/wp\/v2\/posts\/9184\/revisions"}],"predecessor-version":[{"id":9199,"href":"https:\/\/mojmeteor.com\/index.php\/wp-json\/wp\/v2\/posts\/9184\/revisions\/9199"}],"wp:featuredmedia":[{"embeddable":true,"href":"https:\/\/mojmeteor.com\/index.php\/wp-json\/wp\/v2\/media\/9197"}],"wp:attachment":[{"href":"https:\/\/mojmeteor.com\/index.php\/wp-json\/wp\/v2\/media?parent=9184"}],"wp:term":[{"taxonomy":"category","embeddable":true,"href":"https:\/\/mojmeteor.com\/index.php\/wp-json\/wp\/v2\/categories?post=9184"},{"taxonomy":"post_tag","embeddable":true,"href":"https:\/\/mojmeteor.com\/index.php\/wp-json\/wp\/v2\/tags?post=9184"}],"curies":[{"name":"wp","href":"https:\/\/api.w.org\/{rel}","templated":true}]}}