{"id":9249,"date":"2025-10-13T20:10:29","date_gmt":"2025-10-13T20:10:29","guid":{"rendered":"https:\/\/mojmeteor.com\/?p=9249"},"modified":"2025-10-13T20:10:29","modified_gmt":"2025-10-13T20:10:29","slug":"radost-pokreta-2025-ritmika-na-smotri-plesa","status":"publish","type":"post","link":"https:\/\/mojmeteor.com\/index.php\/2025\/10\/13\/radost-pokreta-2025-ritmika-na-smotri-plesa\/","title":{"rendered":"RADOST POKRETA 2025.:Ritmika na Smotri plesa"},"content":{"rendered":"\n<p class=\"has-luminous-vivid-orange-to-vivid-red-gradient-background has-text-color has-background has-link-color wp-elements-c87bc9409dde44f1961b595478aa20c9\" style=\"color:#0d0c0c\">Smotra plesnog stvarala\u0161tva u\u010denika osnovnih \u0161kola Brodsko-posavske \u017eupanije &#8220;Radost pokreta&#8221; odr\u017eana je 13. listopada 2025. u O\u0160 \u0110ure Pilara. Dio je manifestacije 15. Dani plesa u \u010dast Miji \u010corak Slavenskoj.<\/p>\n\n\n<div class=\"wp-block-image\">\n<figure class=\"aligncenter size-large\"><img loading=\"lazy\" decoding=\"async\" width=\"768\" height=\"1024\" src=\"https:\/\/mojmeteor.com\/wp-content\/uploads\/2025\/10\/pl-768x1024.jpg\" alt=\"\" class=\"wp-image-9250\" srcset=\"https:\/\/mojmeteor.com\/wp-content\/uploads\/2025\/10\/pl-768x1024.jpg 768w, https:\/\/mojmeteor.com\/wp-content\/uploads\/2025\/10\/pl-225x300.jpg 225w, https:\/\/mojmeteor.com\/wp-content\/uploads\/2025\/10\/pl-1152x1536.jpg 1152w, https:\/\/mojmeteor.com\/wp-content\/uploads\/2025\/10\/pl-150x200.jpg 150w, https:\/\/mojmeteor.com\/wp-content\/uploads\/2025\/10\/pl.jpg 1200w\" sizes=\"auto, (max-width: 768px) 100vw, 768px\" \/><\/figure>\n<\/div>\n\n\n<p>Skupina Ritmika Mihanovi\u0107i odlu\u010dila je na svoj na\u010din prisjetiti se pjesme koju znaju oni koji su sigurno nekada plesali, ali vjerujemo nikada zaboravili. Stihovi ka\u017eu: &#8220;\u010cujem u daljini svira rock&amp;roll \u2026&#8221; <\/p>\n\n\n\n<p>&#8220;Ma daj, obuci levisice&#8221; plesale su u\u010denice ni\u017eih razreda O\u0160 Antun Mihanovi\u0107 Slavonski Brod.<br><\/p>\n\n\n\n<p class=\"has-text-align-right\">Pripremila: Snje\u017eana Sedlo, <\/p>\n\n\n\n<p class=\"has-text-align-right\">voditeljica Ritmike Mihanovi\u0107<\/p>\n","protected":false},"excerpt":{"rendered":"<p>I na\u0161a Ritmika na smotri plesnih dru\u017eina Brodsko-posavske \u017eupanije <\/p>\n","protected":false},"author":8,"featured_media":9251,"comment_status":"closed","ping_status":"","sticky":false,"template":"","format":"standard","meta":{"footnotes":""},"categories":[2],"tags":[],"class_list":["post-9249","post","type-post","status-publish","format-standard","has-post-thumbnail","hentry","category-dogadanja"],"jetpack_sharing_enabled":true,"jetpack_featured_media_url":"https:\/\/mojmeteor.com\/wp-content\/uploads\/2025\/10\/pl-n.jpg","jetpack-related-posts":[{"id":6092,"url":"https:\/\/mojmeteor.com\/index.php\/2020\/02\/27\/ples-cvijeca\/","url_meta":{"origin":9249,"position":0},"title":"Ples cvije\u0107a","author":"admin","date":"27\/02\/2020","format":false,"excerpt":"Na\u0161a ritmika predstavljala je na\u0161u \u0161kolu na Smotri \u0161kolskih plesnih skupina uz Dane plesa Mije \u010corak-Slavenske","rel":"","context":"In &quot;Doga\u0111anja&quot;","block_context":{"text":"Doga\u0111anja","link":"https:\/\/mojmeteor.com\/index.php\/category\/dogadanja\/"},"img":{"alt_text":"","src":"https:\/\/i0.wp.com\/mojmeteor.com\/wp-content\/uploads\/2020\/03\/p1.jpg?resize=350%2C200&ssl=1","width":350,"height":200,"srcset":"https:\/\/i0.wp.com\/mojmeteor.com\/wp-content\/uploads\/2020\/03\/p1.jpg?resize=350%2C200&ssl=1 1x, https:\/\/i0.wp.com\/mojmeteor.com\/wp-content\/uploads\/2020\/03\/p1.jpg?resize=525%2C300&ssl=1 1.5x, https:\/\/i0.wp.com\/mojmeteor.com\/wp-content\/uploads\/2020\/03\/p1.jpg?resize=700%2C400&ssl=1 2x, https:\/\/i0.wp.com\/mojmeteor.com\/wp-content\/uploads\/2020\/03\/p1.jpg?resize=1050%2C600&ssl=1 3x"},"classes":[]},{"id":4854,"url":"https:\/\/mojmeteor.com\/index.php\/2018\/02\/28\/radost-pokreta-2018\/","url_meta":{"origin":9249,"position":1},"title":"&#8220;Radost pokreta&#8221; 2018.","author":"admin","date":"28\/02\/2018","format":false,"excerpt":"Po prvi put plesa\u010dice na\u0161e \u0161kole sudjelovale su na smotri \"Radost pokreta\" koja se odr\u017eava u \u010dast Miji \u010corak Slavenskoj.","rel":"","context":"In &quot;Doga\u0111anja&quot;","block_context":{"text":"Doga\u0111anja","link":"https:\/\/mojmeteor.com\/index.php\/category\/dogadanja\/"},"img":{"alt_text":"","src":"https:\/\/i0.wp.com\/mojmeteor.com\/wp-content\/uploads\/2018\/03\/28337357_2031761630405481_1155195341169461906_o.jpg?resize=350%2C200&ssl=1","width":350,"height":200,"srcset":"https:\/\/i0.wp.com\/mojmeteor.com\/wp-content\/uploads\/2018\/03\/28337357_2031761630405481_1155195341169461906_o.jpg?resize=350%2C200&ssl=1 1x, https:\/\/i0.wp.com\/mojmeteor.com\/wp-content\/uploads\/2018\/03\/28337357_2031761630405481_1155195341169461906_o.jpg?resize=525%2C300&ssl=1 1.5x, https:\/\/i0.wp.com\/mojmeteor.com\/wp-content\/uploads\/2018\/03\/28337357_2031761630405481_1155195341169461906_o.jpg?resize=700%2C400&ssl=1 2x, https:\/\/i0.wp.com\/mojmeteor.com\/wp-content\/uploads\/2018\/03\/28337357_2031761630405481_1155195341169461906_o.jpg?resize=1050%2C600&ssl=1 3x, https:\/\/i0.wp.com\/mojmeteor.com\/wp-content\/uploads\/2018\/03\/28337357_2031761630405481_1155195341169461906_o.jpg?resize=1400%2C800&ssl=1 4x"},"classes":[]},{"id":7355,"url":"https:\/\/mojmeteor.com\/index.php\/2022\/10\/26\/zupanijsko-vijece-ucenika-gimnazijalac-patrik-tokic-izabran-za-novoga-predsjednika\/","url_meta":{"origin":9249,"position":2},"title":"\u017dUPANIJSKO VIJE\u0106E U\u010cENIKA: Gimnazijalac Patrik Toki\u0107 izabran za novoga predsjednika","author":"admin","date":"26\/10\/2022","format":false,"excerpt":"Sedma\u0161 Lovro izvje\u0161tava o sjednici Vije\u0107a u\u010denika Brodsko-posavske \u017eupanije","rel":"","context":"In &quot;Doga\u0111anja&quot;","block_context":{"text":"Doga\u0111anja","link":"https:\/\/mojmeteor.com\/index.php\/category\/dogadanja\/"},"img":{"alt_text":"","src":"https:\/\/i0.wp.com\/mojmeteor.com\/wp-content\/uploads\/2022\/11\/1668156033780.jpg?resize=350%2C200&ssl=1","width":350,"height":200,"srcset":"https:\/\/i0.wp.com\/mojmeteor.com\/wp-content\/uploads\/2022\/11\/1668156033780.jpg?resize=350%2C200&ssl=1 1x, https:\/\/i0.wp.com\/mojmeteor.com\/wp-content\/uploads\/2022\/11\/1668156033780.jpg?resize=525%2C300&ssl=1 1.5x, https:\/\/i0.wp.com\/mojmeteor.com\/wp-content\/uploads\/2022\/11\/1668156033780.jpg?resize=700%2C400&ssl=1 2x, https:\/\/i0.wp.com\/mojmeteor.com\/wp-content\/uploads\/2022\/11\/1668156033780.jpg?resize=1050%2C600&ssl=1 3x, https:\/\/i0.wp.com\/mojmeteor.com\/wp-content\/uploads\/2022\/11\/1668156033780.jpg?resize=1400%2C800&ssl=1 4x"},"classes":[]},{"id":7344,"url":"https:\/\/mojmeteor.com\/index.php\/2022\/11\/11\/svjetski-dan-trcanja-2-a-se-ne-topi-pa-trci-i-kad-kisi\/","url_meta":{"origin":9249,"position":3},"title":"SVJETSKI DAN TR\u010cANJA: 2.a se ne topi pa tr\u010di i kad ki\u0161i","author":"admin","date":"11\/11\/2022","format":false,"excerpt":"Na poziv Nastavnoga zavoda za javno zdravstvo Brodsko-posavske \u017eupanije i na\u0161 2.a se uklju\u010dio u obilje\u017eavanje Svjetskoga dana tr\u010danja na Korzu","rel":"","context":"In &quot;Zabava&quot;","block_context":{"text":"Zabava","link":"https:\/\/mojmeteor.com\/index.php\/category\/zabava\/"},"img":{"alt_text":"","src":"https:\/\/i0.wp.com\/mojmeteor.com\/wp-content\/uploads\/2022\/11\/img_20221104_104437_resized_20221108_042615570.jpg?resize=350%2C200&ssl=1","width":350,"height":200,"srcset":"https:\/\/i0.wp.com\/mojmeteor.com\/wp-content\/uploads\/2022\/11\/img_20221104_104437_resized_20221108_042615570.jpg?resize=350%2C200&ssl=1 1x, https:\/\/i0.wp.com\/mojmeteor.com\/wp-content\/uploads\/2022\/11\/img_20221104_104437_resized_20221108_042615570.jpg?resize=525%2C300&ssl=1 1.5x, https:\/\/i0.wp.com\/mojmeteor.com\/wp-content\/uploads\/2022\/11\/img_20221104_104437_resized_20221108_042615570.jpg?resize=700%2C400&ssl=1 2x, https:\/\/i0.wp.com\/mojmeteor.com\/wp-content\/uploads\/2022\/11\/img_20221104_104437_resized_20221108_042615570.jpg?resize=1050%2C600&ssl=1 3x, https:\/\/i0.wp.com\/mojmeteor.com\/wp-content\/uploads\/2022\/11\/img_20221104_104437_resized_20221108_042615570.jpg?resize=1400%2C800&ssl=1 4x"},"classes":[]},{"id":4770,"url":"https:\/\/mojmeteor.com\/index.php\/2017\/12\/05\/pametne-skole\/","url_meta":{"origin":9249,"position":4},"title":"Pametne \u0161kole","author":"admin","date":"05\/12\/2017","format":false,"excerpt":"I na\u0161a je \u0161kola sudjelovala na regionalnom natjecanju u Tuzli \"Navike promijeni - \u0161kolu opremi\".","rel":"","context":"In &quot;Zanimljivosti&quot;","block_context":{"text":"Zanimljivosti","link":"https:\/\/mojmeteor.com\/index.php\/category\/zanimljivosti\/"},"img":{"alt_text":"","src":"https:\/\/i0.wp.com\/mojmeteor.com\/wp-content\/uploads\/2017\/12\/p2.jpg?resize=350%2C200&ssl=1","width":350,"height":200,"srcset":"https:\/\/i0.wp.com\/mojmeteor.com\/wp-content\/uploads\/2017\/12\/p2.jpg?resize=350%2C200&ssl=1 1x, https:\/\/i0.wp.com\/mojmeteor.com\/wp-content\/uploads\/2017\/12\/p2.jpg?resize=525%2C300&ssl=1 1.5x, https:\/\/i0.wp.com\/mojmeteor.com\/wp-content\/uploads\/2017\/12\/p2.jpg?resize=700%2C400&ssl=1 2x"},"classes":[]},{"id":1271,"url":"https:\/\/mojmeteor.com\/index.php\/2016\/04\/16\/vii-brodska-skola-fizike\/","url_meta":{"origin":9249,"position":5},"title":"VII. Brodska \u0161kola fizike","author":"admin","date":"16\/04\/2016","format":false,"excerpt":"I ove godine u velikome smo se broju (64 u\u010denika) odazvali na Brodsku \u0161kolu fizike.","rel":"","context":"In &quot;Doga\u0111anja&quot;","block_context":{"text":"Doga\u0111anja","link":"https:\/\/mojmeteor.com\/index.php\/category\/dogadanja\/"},"img":{"alt_text":"","src":"https:\/\/i0.wp.com\/mojmeteor.com\/wp-content\/uploads\/2016\/05\/0.jpg?resize=350%2C200&ssl=1","width":350,"height":200,"srcset":"https:\/\/i0.wp.com\/mojmeteor.com\/wp-content\/uploads\/2016\/05\/0.jpg?resize=350%2C200&ssl=1 1x, https:\/\/i0.wp.com\/mojmeteor.com\/wp-content\/uploads\/2016\/05\/0.jpg?resize=525%2C300&ssl=1 1.5x, https:\/\/i0.wp.com\/mojmeteor.com\/wp-content\/uploads\/2016\/05\/0.jpg?resize=700%2C400&ssl=1 2x"},"classes":[]}],"_links":{"self":[{"href":"https:\/\/mojmeteor.com\/index.php\/wp-json\/wp\/v2\/posts\/9249","targetHints":{"allow":["GET"]}}],"collection":[{"href":"https:\/\/mojmeteor.com\/index.php\/wp-json\/wp\/v2\/posts"}],"about":[{"href":"https:\/\/mojmeteor.com\/index.php\/wp-json\/wp\/v2\/types\/post"}],"author":[{"embeddable":true,"href":"https:\/\/mojmeteor.com\/index.php\/wp-json\/wp\/v2\/users\/8"}],"replies":[{"embeddable":true,"href":"https:\/\/mojmeteor.com\/index.php\/wp-json\/wp\/v2\/comments?post=9249"}],"version-history":[{"count":1,"href":"https:\/\/mojmeteor.com\/index.php\/wp-json\/wp\/v2\/posts\/9249\/revisions"}],"predecessor-version":[{"id":9252,"href":"https:\/\/mojmeteor.com\/index.php\/wp-json\/wp\/v2\/posts\/9249\/revisions\/9252"}],"wp:featuredmedia":[{"embeddable":true,"href":"https:\/\/mojmeteor.com\/index.php\/wp-json\/wp\/v2\/media\/9251"}],"wp:attachment":[{"href":"https:\/\/mojmeteor.com\/index.php\/wp-json\/wp\/v2\/media?parent=9249"}],"wp:term":[{"taxonomy":"category","embeddable":true,"href":"https:\/\/mojmeteor.com\/index.php\/wp-json\/wp\/v2\/categories?post=9249"},{"taxonomy":"post_tag","embeddable":true,"href":"https:\/\/mojmeteor.com\/index.php\/wp-json\/wp\/v2\/tags?post=9249"}],"curies":[{"name":"wp","href":"https:\/\/api.w.org\/{rel}","templated":true}]}}