{"id":9305,"date":"2025-11-07T16:50:07","date_gmt":"2025-11-07T16:50:07","guid":{"rendered":"https:\/\/mojmeteor.com\/?p=9305"},"modified":"2026-02-01T15:39:09","modified_gmt":"2026-02-01T15:39:09","slug":"tadijine-jeseni-2025-devetnaest-skola-na-regionalnom-knjizevno-zabavnom-kvizu-o-tadiji","status":"publish","type":"post","link":"https:\/\/mojmeteor.com\/index.php\/2025\/11\/07\/tadijine-jeseni-2025-devetnaest-skola-na-regionalnom-knjizevno-zabavnom-kvizu-o-tadiji\/","title":{"rendered":"TADIJINE JESENI 2025.: Devetnaest \u0161kola na regionalnom Knji\u017eevno-zabavnom kvizu o Tadiji"},"content":{"rendered":"\n<p class=\"has-text-color has-background has-link-color wp-elements-80e9181872d8e053628aa4d397258e97\" style=\"color:#0f0f0f;background:linear-gradient(135deg,rgb(252,185,0) 19%,rgb(255,105,0) 100%)\">Knji\u017eevno-zabavni kviz o \u017eivotu i djelu Dragutina Tadijanovi\u0107a za u\u010denike 8. razreda povodom 120. ro\u0111endana pjesnika 5. studenoga 2025. odr\u017ean je u O\u0160 Antuna Mihanovi\u0107a Slavonski Brod &#8211; u \u0161koli u kojoj je zapo\u010deo 2010. godine.<\/p>\n\n\n\n<div class=\"wp-block-jetpack-slideshow aligncenter\" data-effect=\"slide\"><div class=\"wp-block-jetpack-slideshow_container swiper-container\"><ul class=\"wp-block-jetpack-slideshow_swiper-wrapper swiper-wrapper\"><li class=\"wp-block-jetpack-slideshow_slide swiper-slide\"><figure><img loading=\"lazy\" decoding=\"async\" width=\"1024\" height=\"683\" alt=\"\" class=\"wp-block-jetpack-slideshow_image wp-image-9445\" data-id=\"9445\" src=\"https:\/\/mojmeteor.com\/wp-content\/uploads\/2025\/11\/IMG_0919-1024x683.jpg\" srcset=\"https:\/\/mojmeteor.com\/wp-content\/uploads\/2025\/11\/IMG_0919-1024x683.jpg 1024w, https:\/\/mojmeteor.com\/wp-content\/uploads\/2025\/11\/IMG_0919-300x200.jpg 300w, https:\/\/mojmeteor.com\/wp-content\/uploads\/2025\/11\/IMG_0919-768x512.jpg 768w, https:\/\/mojmeteor.com\/wp-content\/uploads\/2025\/11\/IMG_0919-1536x1024.jpg 1536w, https:\/\/mojmeteor.com\/wp-content\/uploads\/2025\/11\/IMG_0919-2048x1365.jpg 2048w\" sizes=\"auto, (max-width: 1024px) 100vw, 1024px\" \/><figcaption class=\"wp-block-jetpack-slideshow_caption gallery-caption\">Sti\u017eu nam Vesele \u0160okice<\/figcaption><\/figure><\/li><li class=\"wp-block-jetpack-slideshow_slide swiper-slide\"><figure><img loading=\"lazy\" decoding=\"async\" width=\"1024\" height=\"683\" alt=\"\" class=\"wp-block-jetpack-slideshow_image wp-image-9446\" data-id=\"9446\" src=\"https:\/\/mojmeteor.com\/wp-content\/uploads\/2025\/11\/IMG_0921-1024x683.jpg\" srcset=\"https:\/\/mojmeteor.com\/wp-content\/uploads\/2025\/11\/IMG_0921-1024x683.jpg 1024w, https:\/\/mojmeteor.com\/wp-content\/uploads\/2025\/11\/IMG_0921-300x200.jpg 300w, https:\/\/mojmeteor.com\/wp-content\/uploads\/2025\/11\/IMG_0921-768x512.jpg 768w, https:\/\/mojmeteor.com\/wp-content\/uploads\/2025\/11\/IMG_0921-1536x1024.jpg 1536w, https:\/\/mojmeteor.com\/wp-content\/uploads\/2025\/11\/IMG_0921-2048x1365.jpg 2048w\" sizes=\"auto, (max-width: 1024px) 100vw, 1024px\" \/><figcaption class=\"wp-block-jetpack-slideshow_caption gallery-caption\">Konobari Obrtni\u010dko-tehni\u010dke \u0161kole u pripremama<\/figcaption><\/figure><\/li><li class=\"wp-block-jetpack-slideshow_slide swiper-slide\"><figure><img loading=\"lazy\" decoding=\"async\" width=\"1024\" height=\"683\" alt=\"\" class=\"wp-block-jetpack-slideshow_image wp-image-9449\" data-id=\"9449\" src=\"https:\/\/mojmeteor.com\/wp-content\/uploads\/2025\/11\/IMG_0950-1024x683.jpg\" srcset=\"https:\/\/mojmeteor.com\/wp-content\/uploads\/2025\/11\/IMG_0950-1024x683.jpg 1024w, https:\/\/mojmeteor.com\/wp-content\/uploads\/2025\/11\/IMG_0950-300x200.jpg 300w, https:\/\/mojmeteor.com\/wp-content\/uploads\/2025\/11\/IMG_0950-768x512.jpg 768w, https:\/\/mojmeteor.com\/wp-content\/uploads\/2025\/11\/IMG_0950-1536x1024.jpg 1536w, https:\/\/mojmeteor.com\/wp-content\/uploads\/2025\/11\/IMG_0950-2048x1365.jpg 2048w\" sizes=\"auto, (max-width: 1024px) 100vw, 1024px\" \/><figcaption class=\"wp-block-jetpack-slideshow_caption gallery-caption\">Po\u010dinje uvodni program\u010di\u0107 uz voditeljicu Klaru Martinovi\u0107<\/figcaption><\/figure><\/li><li class=\"wp-block-jetpack-slideshow_slide swiper-slide\"><figure><img loading=\"lazy\" decoding=\"async\" width=\"1024\" height=\"768\" alt=\"\" class=\"wp-block-jetpack-slideshow_image wp-image-9339\" data-id=\"9339\" src=\"https:\/\/mojmeteor.com\/wp-content\/uploads\/2025\/11\/IMG_20251105_113638-1-1024x768.jpg\" srcset=\"https:\/\/mojmeteor.com\/wp-content\/uploads\/2025\/11\/IMG_20251105_113638-1-1024x768.jpg 1024w, https:\/\/mojmeteor.com\/wp-content\/uploads\/2025\/11\/IMG_20251105_113638-1-300x225.jpg 300w, https:\/\/mojmeteor.com\/wp-content\/uploads\/2025\/11\/IMG_20251105_113638-1-768x576.jpg 768w, https:\/\/mojmeteor.com\/wp-content\/uploads\/2025\/11\/IMG_20251105_113638-1-1536x1152.jpg 1536w, https:\/\/mojmeteor.com\/wp-content\/uploads\/2025\/11\/IMG_20251105_113638-1-2048x1536.jpg 2048w, https:\/\/mojmeteor.com\/wp-content\/uploads\/2025\/11\/IMG_20251105_113638-1-267x200.jpg 267w\" sizes=\"auto, (max-width: 1024px) 100vw, 1024px\" \/><figcaption class=\"wp-block-jetpack-slideshow_caption gallery-caption\">Ravnateljica Snje\u017eana Vinari\u0107 pozdravlja goste<\/figcaption><\/figure><\/li><li class=\"wp-block-jetpack-slideshow_slide swiper-slide\"><figure><img loading=\"lazy\" decoding=\"async\" width=\"1024\" height=\"683\" alt=\"\" class=\"wp-block-jetpack-slideshow_image wp-image-9448\" data-id=\"9448\" src=\"https:\/\/mojmeteor.com\/wp-content\/uploads\/2025\/11\/IMG_0946-1024x683.jpg\" srcset=\"https:\/\/mojmeteor.com\/wp-content\/uploads\/2025\/11\/IMG_0946-1024x683.jpg 1024w, https:\/\/mojmeteor.com\/wp-content\/uploads\/2025\/11\/IMG_0946-300x200.jpg 300w, https:\/\/mojmeteor.com\/wp-content\/uploads\/2025\/11\/IMG_0946-768x512.jpg 768w, https:\/\/mojmeteor.com\/wp-content\/uploads\/2025\/11\/IMG_0946-1536x1024.jpg 1536w, https:\/\/mojmeteor.com\/wp-content\/uploads\/2025\/11\/IMG_0946-2048x1365.jpg 2048w\" sizes=\"auto, (max-width: 1024px) 100vw, 1024px\" \/><figcaption class=\"wp-block-jetpack-slideshow_caption gallery-caption\">Be\u0107arci o Tadiji <\/figcaption><\/figure><\/li><li class=\"wp-block-jetpack-slideshow_slide swiper-slide\"><figure><img loading=\"lazy\" decoding=\"async\" width=\"1024\" height=\"683\" alt=\"\" class=\"wp-block-jetpack-slideshow_image wp-image-9447\" data-id=\"9447\" src=\"https:\/\/mojmeteor.com\/wp-content\/uploads\/2025\/11\/IMG_0924-1024x683.jpg\" srcset=\"https:\/\/mojmeteor.com\/wp-content\/uploads\/2025\/11\/IMG_0924-1024x683.jpg 1024w, https:\/\/mojmeteor.com\/wp-content\/uploads\/2025\/11\/IMG_0924-300x200.jpg 300w, https:\/\/mojmeteor.com\/wp-content\/uploads\/2025\/11\/IMG_0924-768x512.jpg 768w, https:\/\/mojmeteor.com\/wp-content\/uploads\/2025\/11\/IMG_0924-1536x1024.jpg 1536w, https:\/\/mojmeteor.com\/wp-content\/uploads\/2025\/11\/IMG_0924-2048x1365.jpg 2048w\" sizes=\"auto, (max-width: 1024px) 100vw, 1024px\" \/><figcaption class=\"wp-block-jetpack-slideshow_caption gallery-caption\">Tadijanovi\u0107eve \u0161kole spremne za susret <\/figcaption><\/figure><\/li><li class=\"wp-block-jetpack-slideshow_slide swiper-slide\"><figure><img loading=\"lazy\" decoding=\"async\" width=\"1024\" height=\"683\" alt=\"\" class=\"wp-block-jetpack-slideshow_image wp-image-9450\" data-id=\"9450\" src=\"https:\/\/mojmeteor.com\/wp-content\/uploads\/2025\/11\/IMG_0962-1024x683.jpg\" srcset=\"https:\/\/mojmeteor.com\/wp-content\/uploads\/2025\/11\/IMG_0962-1024x683.jpg 1024w, https:\/\/mojmeteor.com\/wp-content\/uploads\/2025\/11\/IMG_0962-300x200.jpg 300w, https:\/\/mojmeteor.com\/wp-content\/uploads\/2025\/11\/IMG_0962-768x512.jpg 768w, https:\/\/mojmeteor.com\/wp-content\/uploads\/2025\/11\/IMG_0962-1536x1024.jpg 1536w, https:\/\/mojmeteor.com\/wp-content\/uploads\/2025\/11\/IMG_0962-2048x1365.jpg 2048w\" sizes=\"auto, (max-width: 1024px) 100vw, 1024px\" \/><figcaption class=\"wp-block-jetpack-slideshow_caption gallery-caption\">Grupno pisanje eliminacijskoga ispita u dvorani<\/figcaption><\/figure><\/li><li class=\"wp-block-jetpack-slideshow_slide swiper-slide\"><figure><img loading=\"lazy\" decoding=\"async\" width=\"1024\" height=\"683\" alt=\"\" class=\"wp-block-jetpack-slideshow_image wp-image-9451\" data-id=\"9451\" src=\"https:\/\/mojmeteor.com\/wp-content\/uploads\/2025\/11\/IMG_0967-1024x683.jpg\" srcset=\"https:\/\/mojmeteor.com\/wp-content\/uploads\/2025\/11\/IMG_0967-1024x683.jpg 1024w, https:\/\/mojmeteor.com\/wp-content\/uploads\/2025\/11\/IMG_0967-300x200.jpg 300w, https:\/\/mojmeteor.com\/wp-content\/uploads\/2025\/11\/IMG_0967-768x512.jpg 768w, https:\/\/mojmeteor.com\/wp-content\/uploads\/2025\/11\/IMG_0967-1536x1024.jpg 1536w, https:\/\/mojmeteor.com\/wp-content\/uploads\/2025\/11\/IMG_0967-2048x1365.jpg 2048w\" sizes=\"auto, (max-width: 1024px) 100vw, 1024px\" \/><figcaption class=\"wp-block-jetpack-slideshow_caption gallery-caption\">Koordinatorica kviza Marija \u010calu\u0161i\u0107&#8230;<\/figcaption><\/figure><\/li><li class=\"wp-block-jetpack-slideshow_slide swiper-slide\"><figure><img loading=\"lazy\" decoding=\"async\" width=\"1024\" height=\"683\" alt=\"\" class=\"wp-block-jetpack-slideshow_image wp-image-9452\" data-id=\"9452\" src=\"https:\/\/mojmeteor.com\/wp-content\/uploads\/2025\/11\/IMG_0975-1024x683.jpg\" srcset=\"https:\/\/mojmeteor.com\/wp-content\/uploads\/2025\/11\/IMG_0975-1024x683.jpg 1024w, https:\/\/mojmeteor.com\/wp-content\/uploads\/2025\/11\/IMG_0975-300x200.jpg 300w, https:\/\/mojmeteor.com\/wp-content\/uploads\/2025\/11\/IMG_0975-768x512.jpg 768w, https:\/\/mojmeteor.com\/wp-content\/uploads\/2025\/11\/IMG_0975-1536x1024.jpg 1536w, https:\/\/mojmeteor.com\/wp-content\/uploads\/2025\/11\/IMG_0975-2048x1365.jpg 2048w\" sizes=\"auto, (max-width: 1024px) 100vw, 1024px\" \/><figcaption class=\"wp-block-jetpack-slideshow_caption gallery-caption\">&#8230; daje upute prije pisanja ispita<\/figcaption><\/figure><\/li><li class=\"wp-block-jetpack-slideshow_slide swiper-slide\"><figure><img loading=\"lazy\" decoding=\"async\" width=\"1024\" height=\"768\" alt=\"\" class=\"wp-block-jetpack-slideshow_image wp-image-9338\" data-id=\"9338\" src=\"https:\/\/mojmeteor.com\/wp-content\/uploads\/2025\/11\/IMG_20251105_120303-1-1024x768.jpg\" srcset=\"https:\/\/mojmeteor.com\/wp-content\/uploads\/2025\/11\/IMG_20251105_120303-1-1024x768.jpg 1024w, https:\/\/mojmeteor.com\/wp-content\/uploads\/2025\/11\/IMG_20251105_120303-1-300x225.jpg 300w, https:\/\/mojmeteor.com\/wp-content\/uploads\/2025\/11\/IMG_20251105_120303-1-768x576.jpg 768w, https:\/\/mojmeteor.com\/wp-content\/uploads\/2025\/11\/IMG_20251105_120303-1-1536x1152.jpg 1536w, https:\/\/mojmeteor.com\/wp-content\/uploads\/2025\/11\/IMG_20251105_120303-1-2048x1536.jpg 2048w, https:\/\/mojmeteor.com\/wp-content\/uploads\/2025\/11\/IMG_20251105_120303-1-267x200.jpg 267w\" sizes=\"auto, (max-width: 1024px) 100vw, 1024px\" \/><figcaption class=\"wp-block-jetpack-slideshow_caption gallery-caption\">Zajedno je uvijek lak\u0161e<\/figcaption><\/figure><\/li><\/ul><a class=\"wp-block-jetpack-slideshow_button-prev swiper-button-prev swiper-button-white\" role=\"button\"><\/a><a class=\"wp-block-jetpack-slideshow_button-next swiper-button-next swiper-button-white\" role=\"button\"><\/a><a aria-label=\"Pause Slideshow\" class=\"wp-block-jetpack-slideshow_button-pause\" role=\"button\"><\/a><div class=\"wp-block-jetpack-slideshow_pagination swiper-pagination swiper-pagination-white\"><\/div><\/div><\/div>\n\n\n\n<p>Cjelodnevna sve\u010danost zapo\u010dela je uvodnim program\u010di\u0107em u 11:30 sati u kojem su nas nasmijale Vesele \u0160okice pjevaju\u0107i be\u0107arce o Tadiji i tradiciji. <strong>Predstavnici iz \u010dak 19 \u0161kola iz:\u00a0Re\u0161etara, Velike, Vukovara, Kutjeva, Batrine, Slavonskog \u0160amca, Staroga Petrovog Sela, Gar\u010dina, Donjih Andrijevaca, Privlake, Vinkovaca, Sikirevaca i Slavonskog Broda<\/strong> pisali su nakon uvodnog programa eliminacijski ispit. Rezultate ispita nisu dobili odmah, ve\u0107 nakon posjeta rodnoj ku\u0107i pjesnika u Rastu\u0161ju te Spomen-doma i Spomen-sobe Dragutina Tadijanovi\u0107a u Franjeva\u010dkom samostanu. Predstavnice na\u0161e \u0161kole Klara Budimir, Eva Azapovi\u0107 i Iris Luji\u0107\u00a0(mentor: Bla\u017e \u0160ok\u010devi\u0107) nisu pro\u0161le u zavr\u0161nicu, ali nam nije bilo jako \u017eao jer su djelatnici na\u0161e \u0161kole organizirali kviz na \u010delu s koordinatoricom Marijom \u010calu\u0161i\u0107 te Dru\u0161tvom Dragutina Tadijanovi\u0107a i djelatnicima Spomen-dom Dragutina Tadijanovi\u0107a.<\/p>\n\n\n\n<div class=\"wp-block-jetpack-slideshow aligncenter\" data-effect=\"slide\"><div class=\"wp-block-jetpack-slideshow_container swiper-container\"><ul class=\"wp-block-jetpack-slideshow_swiper-wrapper swiper-wrapper\"><li class=\"wp-block-jetpack-slideshow_slide swiper-slide\"><figure><img loading=\"lazy\" decoding=\"async\" width=\"768\" height=\"1024\" alt=\"\" class=\"wp-block-jetpack-slideshow_image wp-image-9335\" data-id=\"9335\" src=\"https:\/\/mojmeteor.com\/wp-content\/uploads\/2025\/11\/IMG-314301476fa4886e01bc47def8b50102-V-768x1024.jpg\" srcset=\"https:\/\/mojmeteor.com\/wp-content\/uploads\/2025\/11\/IMG-314301476fa4886e01bc47def8b50102-V-768x1024.jpg 768w, https:\/\/mojmeteor.com\/wp-content\/uploads\/2025\/11\/IMG-314301476fa4886e01bc47def8b50102-V-225x300.jpg 225w, https:\/\/mojmeteor.com\/wp-content\/uploads\/2025\/11\/IMG-314301476fa4886e01bc47def8b50102-V-1152x1536.jpg 1152w, https:\/\/mojmeteor.com\/wp-content\/uploads\/2025\/11\/IMG-314301476fa4886e01bc47def8b50102-V-150x200.jpg 150w, https:\/\/mojmeteor.com\/wp-content\/uploads\/2025\/11\/IMG-314301476fa4886e01bc47def8b50102-V.jpg 1350w\" sizes=\"auto, (max-width: 768px) 100vw, 768px\" \/><figcaption class=\"wp-block-jetpack-slideshow_caption gallery-caption\">Priprema koktela Moje je srce zaljubljeno<\/figcaption><\/figure><\/li><li class=\"wp-block-jetpack-slideshow_slide swiper-slide\"><figure><img loading=\"lazy\" decoding=\"async\" width=\"1024\" height=\"768\" alt=\"\" class=\"wp-block-jetpack-slideshow_image wp-image-9336\" data-id=\"9336\" src=\"https:\/\/mojmeteor.com\/wp-content\/uploads\/2025\/11\/IMG-f66b3783f2fe344fd31c7c8b7d2f454e-V-1024x768.jpg\" srcset=\"https:\/\/mojmeteor.com\/wp-content\/uploads\/2025\/11\/IMG-f66b3783f2fe344fd31c7c8b7d2f454e-V-1024x768.jpg 1024w, https:\/\/mojmeteor.com\/wp-content\/uploads\/2025\/11\/IMG-f66b3783f2fe344fd31c7c8b7d2f454e-V-300x225.jpg 300w, https:\/\/mojmeteor.com\/wp-content\/uploads\/2025\/11\/IMG-f66b3783f2fe344fd31c7c8b7d2f454e-V-768x576.jpg 768w, https:\/\/mojmeteor.com\/wp-content\/uploads\/2025\/11\/IMG-f66b3783f2fe344fd31c7c8b7d2f454e-V-1536x1152.jpg 1536w, https:\/\/mojmeteor.com\/wp-content\/uploads\/2025\/11\/IMG-f66b3783f2fe344fd31c7c8b7d2f454e-V-267x200.jpg 267w, https:\/\/mojmeteor.com\/wp-content\/uploads\/2025\/11\/IMG-f66b3783f2fe344fd31c7c8b7d2f454e-V.jpg 1800w\" sizes=\"auto, (max-width: 1024px) 100vw, 1024px\" \/><figcaption class=\"wp-block-jetpack-slideshow_caption gallery-caption\">Konobari s mentorom Alenom Markovi\u0107em<\/figcaption><\/figure><\/li><li class=\"wp-block-jetpack-slideshow_slide swiper-slide\"><figure><img loading=\"lazy\" decoding=\"async\" width=\"1024\" height=\"769\" alt=\"\" class=\"wp-block-jetpack-slideshow_image wp-image-9340\" data-id=\"9340\" src=\"https:\/\/mojmeteor.com\/wp-content\/uploads\/2025\/11\/SGS-1024x769.jpg\" srcset=\"https:\/\/mojmeteor.com\/wp-content\/uploads\/2025\/11\/SGS-1024x769.jpg 1024w, https:\/\/mojmeteor.com\/wp-content\/uploads\/2025\/11\/SGS-300x225.jpg 300w, https:\/\/mojmeteor.com\/wp-content\/uploads\/2025\/11\/SGS-768x577.jpg 768w, https:\/\/mojmeteor.com\/wp-content\/uploads\/2025\/11\/SGS-266x200.jpg 266w, https:\/\/mojmeteor.com\/wp-content\/uploads\/2025\/11\/SGS.jpg 1200w\" sizes=\"auto, (max-width: 1024px) 100vw, 1024px\" \/><figcaption class=\"wp-block-jetpack-slideshow_caption gallery-caption\">Kvartet izvodi skladbu Tonija Vukovi\u0107a<\/figcaption><\/figure><\/li><li class=\"wp-block-jetpack-slideshow_slide swiper-slide\"><figure><img loading=\"lazy\" decoding=\"async\" width=\"1024\" height=\"683\" alt=\"\" class=\"wp-block-jetpack-slideshow_image wp-image-9456\" data-id=\"9456\" src=\"https:\/\/mojmeteor.com\/wp-content\/uploads\/2025\/11\/IMG_1020-1024x683.jpg\" srcset=\"https:\/\/mojmeteor.com\/wp-content\/uploads\/2025\/11\/IMG_1020-1024x683.jpg 1024w, https:\/\/mojmeteor.com\/wp-content\/uploads\/2025\/11\/IMG_1020-300x200.jpg 300w, https:\/\/mojmeteor.com\/wp-content\/uploads\/2025\/11\/IMG_1020-768x512.jpg 768w, https:\/\/mojmeteor.com\/wp-content\/uploads\/2025\/11\/IMG_1020-1536x1024.jpg 1536w, https:\/\/mojmeteor.com\/wp-content\/uploads\/2025\/11\/IMG_1020-2048x1365.jpg 2048w\" sizes=\"auto, (max-width: 1024px) 100vw, 1024px\" \/><figcaption class=\"wp-block-jetpack-slideshow_caption gallery-caption\">U plesu s jabukom borilo se zbog izjedna\u010denih bodova<\/figcaption><\/figure><\/li><li class=\"wp-block-jetpack-slideshow_slide swiper-slide\"><figure><img loading=\"lazy\" decoding=\"async\" width=\"1024\" height=\"683\" alt=\"\" class=\"wp-block-jetpack-slideshow_image wp-image-9466\" data-id=\"9466\" src=\"https:\/\/mojmeteor.com\/wp-content\/uploads\/2025\/11\/IMG_1116-1024x683.jpg\" srcset=\"https:\/\/mojmeteor.com\/wp-content\/uploads\/2025\/11\/IMG_1116-1024x683.jpg 1024w, https:\/\/mojmeteor.com\/wp-content\/uploads\/2025\/11\/IMG_1116-300x200.jpg 300w, https:\/\/mojmeteor.com\/wp-content\/uploads\/2025\/11\/IMG_1116-768x512.jpg 768w, https:\/\/mojmeteor.com\/wp-content\/uploads\/2025\/11\/IMG_1116-1536x1024.jpg 1536w, https:\/\/mojmeteor.com\/wp-content\/uploads\/2025\/11\/IMG_1116-2048x1365.jpg 2048w\" sizes=\"auto, (max-width: 1024px) 100vw, 1024px\" \/><figcaption class=\"wp-block-jetpack-slideshow_caption gallery-caption\">Voditelj ve\u010dernjeg programa glumac Matej Safund\u017ei\u0107<\/figcaption><\/figure><\/li><li class=\"wp-block-jetpack-slideshow_slide swiper-slide\"><figure><img loading=\"lazy\" decoding=\"async\" width=\"1024\" height=\"683\" alt=\"\" class=\"wp-block-jetpack-slideshow_image wp-image-9457\" data-id=\"9457\" src=\"https:\/\/mojmeteor.com\/wp-content\/uploads\/2025\/11\/IMG_1042-1024x683.jpg\" srcset=\"https:\/\/mojmeteor.com\/wp-content\/uploads\/2025\/11\/IMG_1042-1024x683.jpg 1024w, https:\/\/mojmeteor.com\/wp-content\/uploads\/2025\/11\/IMG_1042-300x200.jpg 300w, https:\/\/mojmeteor.com\/wp-content\/uploads\/2025\/11\/IMG_1042-768x512.jpg 768w, https:\/\/mojmeteor.com\/wp-content\/uploads\/2025\/11\/IMG_1042-1536x1024.jpg 1536w, https:\/\/mojmeteor.com\/wp-content\/uploads\/2025\/11\/IMG_1042-2048x1365.jpg 2048w\" sizes=\"auto, (max-width: 1024px) 100vw, 1024px\" \/><\/figure><\/li><li class=\"wp-block-jetpack-slideshow_slide swiper-slide\"><figure><img loading=\"lazy\" decoding=\"async\" width=\"1024\" height=\"683\" alt=\"\" class=\"wp-block-jetpack-slideshow_image wp-image-9460\" data-id=\"9460\" src=\"https:\/\/mojmeteor.com\/wp-content\/uploads\/2025\/11\/IMG_1066-1024x683.jpg\" srcset=\"https:\/\/mojmeteor.com\/wp-content\/uploads\/2025\/11\/IMG_1066-1024x683.jpg 1024w, https:\/\/mojmeteor.com\/wp-content\/uploads\/2025\/11\/IMG_1066-300x200.jpg 300w, https:\/\/mojmeteor.com\/wp-content\/uploads\/2025\/11\/IMG_1066-768x512.jpg 768w, https:\/\/mojmeteor.com\/wp-content\/uploads\/2025\/11\/IMG_1066-1536x1024.jpg 1536w, https:\/\/mojmeteor.com\/wp-content\/uploads\/2025\/11\/IMG_1066-2048x1365.jpg 2048w\" sizes=\"auto, (max-width: 1024px) 100vw, 1024px\" \/><figcaption class=\"wp-block-jetpack-slideshow_caption gallery-caption\">Klara brine o to\u010dnosti bodova<\/figcaption><\/figure><\/li><li class=\"wp-block-jetpack-slideshow_slide swiper-slide\"><figure><img loading=\"lazy\" decoding=\"async\" width=\"1024\" height=\"683\" alt=\"\" class=\"wp-block-jetpack-slideshow_image wp-image-9458\" data-id=\"9458\" src=\"https:\/\/mojmeteor.com\/wp-content\/uploads\/2025\/11\/IMG_1051-1024x683.jpg\" srcset=\"https:\/\/mojmeteor.com\/wp-content\/uploads\/2025\/11\/IMG_1051-1024x683.jpg 1024w, https:\/\/mojmeteor.com\/wp-content\/uploads\/2025\/11\/IMG_1051-300x200.jpg 300w, https:\/\/mojmeteor.com\/wp-content\/uploads\/2025\/11\/IMG_1051-768x512.jpg 768w, https:\/\/mojmeteor.com\/wp-content\/uploads\/2025\/11\/IMG_1051-1536x1024.jpg 1536w, https:\/\/mojmeteor.com\/wp-content\/uploads\/2025\/11\/IMG_1051-2048x1365.jpg 2048w\" sizes=\"auto, (max-width: 1024px) 100vw, 1024px\" \/><figcaption class=\"wp-block-jetpack-slideshow_caption gallery-caption\">Crte\u017eom do\u010daraj naslov Tadijine pjesme<\/figcaption><\/figure><\/li><li class=\"wp-block-jetpack-slideshow_slide swiper-slide\"><figure><img loading=\"lazy\" decoding=\"async\" width=\"1024\" height=\"683\" alt=\"\" class=\"wp-block-jetpack-slideshow_image wp-image-9459\" data-id=\"9459\" src=\"https:\/\/mojmeteor.com\/wp-content\/uploads\/2025\/11\/IMG_1061-1024x683.jpg\" srcset=\"https:\/\/mojmeteor.com\/wp-content\/uploads\/2025\/11\/IMG_1061-1024x683.jpg 1024w, https:\/\/mojmeteor.com\/wp-content\/uploads\/2025\/11\/IMG_1061-300x200.jpg 300w, https:\/\/mojmeteor.com\/wp-content\/uploads\/2025\/11\/IMG_1061-768x512.jpg 768w, https:\/\/mojmeteor.com\/wp-content\/uploads\/2025\/11\/IMG_1061-1536x1024.jpg 1536w, https:\/\/mojmeteor.com\/wp-content\/uploads\/2025\/11\/IMG_1061-2048x1365.jpg 2048w\" sizes=\"auto, (max-width: 1024px) 100vw, 1024px\" \/><figcaption class=\"wp-block-jetpack-slideshow_caption gallery-caption\">Kolo sre\u0107e odlu\u010divalo je o pitanjima s terenskih posjeta<\/figcaption><\/figure><\/li><li class=\"wp-block-jetpack-slideshow_slide swiper-slide\"><figure><img loading=\"lazy\" decoding=\"async\" width=\"1024\" height=\"683\" alt=\"\" class=\"wp-block-jetpack-slideshow_image wp-image-9461\" data-id=\"9461\" src=\"https:\/\/mojmeteor.com\/wp-content\/uploads\/2025\/11\/IMG_1073-1024x683.jpg\" srcset=\"https:\/\/mojmeteor.com\/wp-content\/uploads\/2025\/11\/IMG_1073-1024x683.jpg 1024w, https:\/\/mojmeteor.com\/wp-content\/uploads\/2025\/11\/IMG_1073-300x200.jpg 300w, https:\/\/mojmeteor.com\/wp-content\/uploads\/2025\/11\/IMG_1073-768x512.jpg 768w, https:\/\/mojmeteor.com\/wp-content\/uploads\/2025\/11\/IMG_1073-1536x1024.jpg 1536w, https:\/\/mojmeteor.com\/wp-content\/uploads\/2025\/11\/IMG_1073-2048x1365.jpg 2048w\" sizes=\"auto, (max-width: 1024px) 100vw, 1024px\" \/><figcaption class=\"wp-block-jetpack-slideshow_caption gallery-caption\">Slavonski doru\u010dak &#8211; ne jedi \u0161to ne bi Slavonci<\/figcaption><\/figure><\/li><li class=\"wp-block-jetpack-slideshow_slide swiper-slide\"><figure><img loading=\"lazy\" decoding=\"async\" width=\"1024\" height=\"683\" alt=\"\" class=\"wp-block-jetpack-slideshow_image wp-image-9465\" data-id=\"9465\" src=\"https:\/\/mojmeteor.com\/wp-content\/uploads\/2025\/11\/IMG_1101-1024x683.jpg\" srcset=\"https:\/\/mojmeteor.com\/wp-content\/uploads\/2025\/11\/IMG_1101-1024x683.jpg 1024w, https:\/\/mojmeteor.com\/wp-content\/uploads\/2025\/11\/IMG_1101-300x200.jpg 300w, https:\/\/mojmeteor.com\/wp-content\/uploads\/2025\/11\/IMG_1101-768x512.jpg 768w, https:\/\/mojmeteor.com\/wp-content\/uploads\/2025\/11\/IMG_1101-1536x1024.jpg 1536w, https:\/\/mojmeteor.com\/wp-content\/uploads\/2025\/11\/IMG_1101-2048x1365.jpg 2048w\" sizes=\"auto, (max-width: 1024px) 100vw, 1024px\" \/><figcaption class=\"wp-block-jetpack-slideshow_caption gallery-caption\">Tambura\u0161i uz solista peta\u0161a Pencingera<\/figcaption><\/figure><\/li><li class=\"wp-block-jetpack-slideshow_slide swiper-slide\"><figure><img loading=\"lazy\" decoding=\"async\" width=\"1024\" height=\"683\" alt=\"\" class=\"wp-block-jetpack-slideshow_image wp-image-9462\" data-id=\"9462\" src=\"https:\/\/mojmeteor.com\/wp-content\/uploads\/2025\/11\/IMG_1086-1024x683.jpg\" srcset=\"https:\/\/mojmeteor.com\/wp-content\/uploads\/2025\/11\/IMG_1086-1024x683.jpg 1024w, https:\/\/mojmeteor.com\/wp-content\/uploads\/2025\/11\/IMG_1086-300x200.jpg 300w, https:\/\/mojmeteor.com\/wp-content\/uploads\/2025\/11\/IMG_1086-768x512.jpg 768w, https:\/\/mojmeteor.com\/wp-content\/uploads\/2025\/11\/IMG_1086-1536x1024.jpg 1536w, https:\/\/mojmeteor.com\/wp-content\/uploads\/2025\/11\/IMG_1086-2048x1365.jpg 2048w\" sizes=\"auto, (max-width: 1024px) 100vw, 1024px\" \/><figcaption class=\"wp-block-jetpack-slideshow_caption gallery-caption\">Autorski be\u0107arci o Tadiji<\/figcaption><\/figure><\/li><li class=\"wp-block-jetpack-slideshow_slide swiper-slide\"><figure><img loading=\"lazy\" decoding=\"async\" width=\"1024\" height=\"683\" alt=\"\" class=\"wp-block-jetpack-slideshow_image wp-image-9464\" data-id=\"9464\" src=\"https:\/\/mojmeteor.com\/wp-content\/uploads\/2025\/11\/IMG_1093-1024x683.jpg\" srcset=\"https:\/\/mojmeteor.com\/wp-content\/uploads\/2025\/11\/IMG_1093-1024x683.jpg 1024w, https:\/\/mojmeteor.com\/wp-content\/uploads\/2025\/11\/IMG_1093-300x200.jpg 300w, https:\/\/mojmeteor.com\/wp-content\/uploads\/2025\/11\/IMG_1093-768x512.jpg 768w, https:\/\/mojmeteor.com\/wp-content\/uploads\/2025\/11\/IMG_1093-1536x1024.jpg 1536w, https:\/\/mojmeteor.com\/wp-content\/uploads\/2025\/11\/IMG_1093-2048x1365.jpg 2048w\" sizes=\"auto, (max-width: 1024px) 100vw, 1024px\" \/><figcaption class=\"wp-block-jetpack-slideshow_caption gallery-caption\">I-ju-ju!<\/figcaption><\/figure><\/li><li class=\"wp-block-jetpack-slideshow_slide swiper-slide\"><figure><img loading=\"lazy\" decoding=\"async\" width=\"1024\" height=\"683\" alt=\"\" class=\"wp-block-jetpack-slideshow_image wp-image-9463\" data-id=\"9463\" src=\"https:\/\/mojmeteor.com\/wp-content\/uploads\/2025\/11\/IMG_1090-1024x683.jpg\" srcset=\"https:\/\/mojmeteor.com\/wp-content\/uploads\/2025\/11\/IMG_1090-1024x683.jpg 1024w, https:\/\/mojmeteor.com\/wp-content\/uploads\/2025\/11\/IMG_1090-300x200.jpg 300w, https:\/\/mojmeteor.com\/wp-content\/uploads\/2025\/11\/IMG_1090-768x512.jpg 768w, https:\/\/mojmeteor.com\/wp-content\/uploads\/2025\/11\/IMG_1090-1536x1024.jpg 1536w, https:\/\/mojmeteor.com\/wp-content\/uploads\/2025\/11\/IMG_1090-2048x1365.jpg 2048w\" sizes=\"auto, (max-width: 1024px) 100vw, 1024px\" \/><figcaption class=\"wp-block-jetpack-slideshow_caption gallery-caption\">Mentorica snima svoje tre\u0107eplasirane djevojke<\/figcaption><\/figure><\/li><li class=\"wp-block-jetpack-slideshow_slide swiper-slide\"><figure><img loading=\"lazy\" decoding=\"async\" width=\"1024\" height=\"683\" alt=\"\" class=\"wp-block-jetpack-slideshow_image wp-image-9455\" data-id=\"9455\" src=\"https:\/\/mojmeteor.com\/wp-content\/uploads\/2025\/11\/IMG_1129-1024x683.jpg\" srcset=\"https:\/\/mojmeteor.com\/wp-content\/uploads\/2025\/11\/IMG_1129-1024x683.jpg 1024w, https:\/\/mojmeteor.com\/wp-content\/uploads\/2025\/11\/IMG_1129-300x200.jpg 300w, https:\/\/mojmeteor.com\/wp-content\/uploads\/2025\/11\/IMG_1129-768x512.jpg 768w, https:\/\/mojmeteor.com\/wp-content\/uploads\/2025\/11\/IMG_1129-1536x1024.jpg 1536w, https:\/\/mojmeteor.com\/wp-content\/uploads\/2025\/11\/IMG_1129-2048x1365.jpg 2048w\" sizes=\"auto, (max-width: 1024px) 100vw, 1024px\" \/><figcaption class=\"wp-block-jetpack-slideshow_caption gallery-caption\">Pobjednici<\/figcaption><\/figure><\/li><\/ul><a class=\"wp-block-jetpack-slideshow_button-prev swiper-button-prev swiper-button-white\" role=\"button\"><\/a><a class=\"wp-block-jetpack-slideshow_button-next swiper-button-next swiper-button-white\" role=\"button\"><\/a><a aria-label=\"Pause Slideshow\" class=\"wp-block-jetpack-slideshow_button-pause\" role=\"button\"><\/a><div class=\"wp-block-jetpack-slideshow_pagination swiper-pagination swiper-pagination-white\"><\/div><\/div><\/div>\n\n\n\n<p>I ove godine na\u0161i prijatelji iz Obrtni\u010dko-tehni\u010dke \u0161kole uz mentora Alena Markovi\u0107a (biv\u0161i Mihanovi\u0107) uz ru\u010dak su sudionike po\u010dastili koktelom <em>Moje je srce zaljubljeno<\/em>, a kviz je zapo\u010deo nastupom na\u0161ih prijatelja iz Srednje glazbene \u0161kole Slavonski Brod. Potaknuti Tadijinim stihovima izveli su skladbu <em>Bakrena predve\u010derja <\/em>u\u010denika 3. razreda Tonija Vukovi\u0107a (koji je tako\u0111er na\u0161 biv\u0161i u\u010denik \ud83d\ude42 ).<\/p>\n\n\n\n<blockquote class=\"wp-block-quote is-layout-flow wp-block-quote-is-layout-flow\">\n<p>Tadijanovi\u0107evom ro\u0111endanskom proslavom, koja zavr\u0161i kvizom, u\u010denici su otkrili kako knji\u017eevnost mo\u017ee biti zabavna kada se u\u010di kroz igru i zajedni\u010dko dru\u017eenje<\/p>\n<\/blockquote>\n\n\n\n<p>O\u0160 Ivana Gorana Kova\u010di\u0107a Slavonski Brod, O\u0160 Dragutina Tadijanovi\u0107a Vukovar&nbsp;&nbsp;i O\u0160 \u201eViktor Car Emin\u201c Donji Andrijevci&nbsp;&nbsp;su zbog broja to\u010dnih odgovora odmah pro\u0161le u kviz, a \u010dak \u010detiri \u0161kole su imale jednak broj bodova. Kako se samo pet tro\u010dlanih ekipa bori u kvizu, koje \u0107e se dvije \u0161kole njima priklju\u010diti, odlu\u010dilo se u plesu s jabukom. To je bilo jako smije\u0161no. Voditelj kviza Matej Safund\u017ei\u0107 zabavljao nas je svojim \u0161aljivim pristupom, a nasmijavale su nas i neke zabavne igre: igra brzog crtanja, slavonski doru\u010dak i pjevanje be\u0107araca koje su natjecatelji sami osmislili. Tre\u0107e mjesto osvojila je O\u0160 &#8220;Hugo Badali\u0107&#8221; Slavonski Brod, drugo O\u0160 Dragutina Tadijanovi\u0107a Vukovar. S najve\u0107im smije\u0161kom se ku\u0107i odvezla pobjedni\u010dka \u0161kola &#8220;Viktor Car Emin&#8221; iz Donjih Andrijevaca, premda mislim da su se taj dan svi dobro proveli bez obzira na rezultate. Ovom ro\u0111endanskom sve\u010danosti u\u010denici su ne samo ponovili gradivo nego su i otkrili kako knji\u017eevnost mo\u017ee biti zabavna kada se u\u010di kroz igru i zajedni\u010dko dru\u017eenje.<\/p>\n\n\n\n<p class=\"has-text-align-right\"><strong>TEKST: Klara Martinovi\u0107, 7. a<\/strong><\/p>\n\n\n\n<p class=\"has-text-align-right\"><strong>FOTOGRAFIJE: Karla Noemi Duzich, 7. b<\/strong><\/p>\n\n\n\n<p><\/p>\n","protected":false},"excerpt":{"rendered":"<p>Na cjelodnevnoj sve\u010danosti uz 120. Tadijin ro\u0111endan koji zavr\u0161i kvizom, osma\u0161i su  otkrili kako knji\u017eevnost mo\u017ee biti zabavna kada se u\u010di kroz igru i zajedni\u010dko dru\u017eenje<\/p>\n","protected":false},"author":8,"featured_media":9331,"comment_status":"closed","ping_status":"","sticky":false,"template":"","format":"standard","meta":{"footnotes":""},"categories":[7],"tags":[],"class_list":["post-9305","post","type-post","status-publish","format-standard","has-post-thumbnail","hentry","category-zabava"],"jetpack_sharing_enabled":true,"jetpack_featured_media_url":"https:\/\/mojmeteor.com\/wp-content\/uploads\/2025\/11\/IMG_20251105_120303-scaled.jpg","jetpack-related-posts":[{"id":30,"url":"https:\/\/mojmeteor.com\/index.php\/2015\/11\/12\/naslov2\/","url_meta":{"origin":9305,"position":0},"title":"Drugi na \u0161estom kvizu o Tadiji","author":"admin","date":"12\/11\/2015","format":false,"excerpt":"Brodski osma\u0161i natjecali se u znanju o Tadiji i \"slavonskim\" sposobnostima.","rel":"","context":"In &quot;Doga\u0111anja&quot;","block_context":{"text":"Doga\u0111anja","link":"https:\/\/mojmeteor.com\/index.php\/category\/dogadanja\/"},"img":{"alt_text":"","src":"https:\/\/i0.wp.com\/mojmeteor.com\/wp-content\/uploads\/2016\/01\/kviz-scaled.jpg?resize=350%2C200&ssl=1","width":350,"height":200,"srcset":"https:\/\/i0.wp.com\/mojmeteor.com\/wp-content\/uploads\/2016\/01\/kviz-scaled.jpg?resize=350%2C200&ssl=1 1x, https:\/\/i0.wp.com\/mojmeteor.com\/wp-content\/uploads\/2016\/01\/kviz-scaled.jpg?resize=525%2C300&ssl=1 1.5x, https:\/\/i0.wp.com\/mojmeteor.com\/wp-content\/uploads\/2016\/01\/kviz-scaled.jpg?resize=700%2C400&ssl=1 2x, https:\/\/i0.wp.com\/mojmeteor.com\/wp-content\/uploads\/2016\/01\/kviz-scaled.jpg?resize=1050%2C600&ssl=1 3x, https:\/\/i0.wp.com\/mojmeteor.com\/wp-content\/uploads\/2016\/01\/kviz-scaled.jpg?resize=1400%2C800&ssl=1 4x"},"classes":[]},{"id":4718,"url":"https:\/\/mojmeteor.com\/index.php\/2017\/11\/20\/ne-zaboravimo-vukovar\/","url_meta":{"origin":9305,"position":1},"title":"Za zaborav je uvijek prerano","author":"admin","date":"20\/11\/2017","format":false,"excerpt":"Razgovorom s Kre\u0161imirom \u0160imi\u0107em i lirsko-glazbenim programom prisjetili smo se vukovarske \u017ertve.","rel":"","context":"In &quot;Doga\u0111anja&quot;","block_context":{"text":"Doga\u0111anja","link":"https:\/\/mojmeteor.com\/index.php\/category\/dogadanja\/"},"img":{"alt_text":"","src":"https:\/\/i0.wp.com\/mojmeteor.com\/wp-content\/uploads\/2017\/11\/8.jpg?resize=350%2C200&ssl=1","width":350,"height":200,"srcset":"https:\/\/i0.wp.com\/mojmeteor.com\/wp-content\/uploads\/2017\/11\/8.jpg?resize=350%2C200&ssl=1 1x, https:\/\/i0.wp.com\/mojmeteor.com\/wp-content\/uploads\/2017\/11\/8.jpg?resize=525%2C300&ssl=1 1.5x"},"classes":[]},{"id":8239,"url":"https:\/\/mojmeteor.com\/index.php\/2023\/11\/15\/kviz-o-tadiji-2023-proslavili-rodendan-uz-koktel-srce-je-moje-zaljubljeno\/","url_meta":{"origin":9305,"position":2},"title":"KVIZ O TADIJI 2023.: Proslavili ro\u0111endan uz koktel &#8220;Srce je moje zaljubljeno&#8221;","author":"admin","date":"15\/11\/2023","format":false,"excerpt":"Ponovno smo, nakon prekida zbog koronavirusa, u na\u0161oj \u0161koli odr\u017eali Knji\u017eevno-zabavni kviz o \u017eivotu i djelu Dragutina Tadijanovi\u0107a u sklopu pete knji\u017eevne manifestacije Tadijine jeseni 2023.","rel":"","context":"In &quot;Zabava&quot;","block_context":{"text":"Zabava","link":"https:\/\/mojmeteor.com\/index.php\/category\/zabava\/"},"img":{"alt_text":"","src":"https:\/\/i0.wp.com\/mojmeteor.com\/wp-content\/uploads\/2023\/11\/img_7511-scaled.jpg?resize=350%2C200&ssl=1","width":350,"height":200,"srcset":"https:\/\/i0.wp.com\/mojmeteor.com\/wp-content\/uploads\/2023\/11\/img_7511-scaled.jpg?resize=350%2C200&ssl=1 1x, https:\/\/i0.wp.com\/mojmeteor.com\/wp-content\/uploads\/2023\/11\/img_7511-scaled.jpg?resize=525%2C300&ssl=1 1.5x, https:\/\/i0.wp.com\/mojmeteor.com\/wp-content\/uploads\/2023\/11\/img_7511-scaled.jpg?resize=700%2C400&ssl=1 2x, https:\/\/i0.wp.com\/mojmeteor.com\/wp-content\/uploads\/2023\/11\/img_7511-scaled.jpg?resize=1050%2C600&ssl=1 3x, https:\/\/i0.wp.com\/mojmeteor.com\/wp-content\/uploads\/2023\/11\/img_7511-scaled.jpg?resize=1400%2C800&ssl=1 4x"},"classes":[]},{"id":4579,"url":"https:\/\/mojmeteor.com\/index.php\/2017\/11\/05\/drugi-drzavni-kviz-o-tadiji\/","url_meta":{"origin":9305,"position":3},"title":"Drugi dr\u017eavni kviz o Tadiji","author":"admin","date":"05\/11\/2017","format":false,"excerpt":"Uz Tadijin 112. ro\u0111endan 28 ekipa iz Hrvatske se natjecalo u poznavanju \u017eivota i djela na\u0161ega pjesnika.","rel":"","context":"In &quot;Doga\u0111anja&quot;","block_context":{"text":"Doga\u0111anja","link":"https:\/\/mojmeteor.com\/index.php\/category\/dogadanja\/"},"img":{"alt_text":"","src":"https:\/\/i0.wp.com\/mojmeteor.com\/wp-content\/uploads\/2017\/11\/5.jpg?resize=350%2C200&ssl=1","width":350,"height":200,"srcset":"https:\/\/i0.wp.com\/mojmeteor.com\/wp-content\/uploads\/2017\/11\/5.jpg?resize=350%2C200&ssl=1 1x, https:\/\/i0.wp.com\/mojmeteor.com\/wp-content\/uploads\/2017\/11\/5.jpg?resize=525%2C300&ssl=1 1.5x"},"classes":[]},{"id":2361,"url":"https:\/\/mojmeteor.com\/index.php\/2016\/11\/15\/drzavni-kviz-o-tadiji\/","url_meta":{"origin":9305,"position":4},"title":"Dr\u017eavni kviz o Tadiji","author":"admin","date":"15\/11\/2016","format":false,"excerpt":"Nakon eliminacijskoga ispita i u Rastu\u0161ju, i u Tadijinom Spomen-domu potajno smo se molili da pro\u0111emo na kviz.","rel":"","context":"In &quot;Doga\u0111anja&quot;","block_context":{"text":"Doga\u0111anja","link":"https:\/\/mojmeteor.com\/index.php\/category\/dogadanja\/"},"img":{"alt_text":"","src":"https:\/\/i0.wp.com\/mojmeteor.com\/wp-content\/uploads\/2016\/11\/tadijanovic8.jpg?resize=350%2C200&ssl=1","width":350,"height":200,"srcset":"https:\/\/i0.wp.com\/mojmeteor.com\/wp-content\/uploads\/2016\/11\/tadijanovic8.jpg?resize=350%2C200&ssl=1 1x, https:\/\/i0.wp.com\/mojmeteor.com\/wp-content\/uploads\/2016\/11\/tadijanovic8.jpg?resize=525%2C300&ssl=1 1.5x"},"classes":[]},{"id":9049,"url":"https:\/\/mojmeteor.com\/index.php\/2025\/03\/23\/prvi-put-na-utakmici-reprezentacije-na-tribinama-navijao-za-hrvatsku-s-tatom\/","url_meta":{"origin":9305,"position":5},"title":"PRVI PUT NA UTAKMICI REPREZENTACIJE: Mihael donio pobjedu reprezentaciji","author":"admin","date":"23\/03\/2025","format":false,"excerpt":"U prvom \u010detvrtfinalnom dvoboju Lige nacija na\u0161a nogometna reprezentacija igrala je protiv Francuske. Na utakmici je bio i na\u0161 \u0161esta\u0161 Mihael Mili\u0107","rel":"","context":"In &quot;Zabava&quot;","block_context":{"text":"Zabava","link":"https:\/\/mojmeteor.com\/index.php\/category\/zabava\/"},"img":{"alt_text":"","src":"https:\/\/i0.wp.com\/mojmeteor.com\/wp-content\/uploads\/2025\/03\/IMG-3ca6d942bd8f131dc574cc6300861e99-V.jpg?resize=350%2C200&ssl=1","width":350,"height":200,"srcset":"https:\/\/i0.wp.com\/mojmeteor.com\/wp-content\/uploads\/2025\/03\/IMG-3ca6d942bd8f131dc574cc6300861e99-V.jpg?resize=350%2C200&ssl=1 1x, https:\/\/i0.wp.com\/mojmeteor.com\/wp-content\/uploads\/2025\/03\/IMG-3ca6d942bd8f131dc574cc6300861e99-V.jpg?resize=525%2C300&ssl=1 1.5x, https:\/\/i0.wp.com\/mojmeteor.com\/wp-content\/uploads\/2025\/03\/IMG-3ca6d942bd8f131dc574cc6300861e99-V.jpg?resize=700%2C400&ssl=1 2x, https:\/\/i0.wp.com\/mojmeteor.com\/wp-content\/uploads\/2025\/03\/IMG-3ca6d942bd8f131dc574cc6300861e99-V.jpg?resize=1050%2C600&ssl=1 3x"},"classes":[]}],"_links":{"self":[{"href":"https:\/\/mojmeteor.com\/index.php\/wp-json\/wp\/v2\/posts\/9305","targetHints":{"allow":["GET"]}}],"collection":[{"href":"https:\/\/mojmeteor.com\/index.php\/wp-json\/wp\/v2\/posts"}],"about":[{"href":"https:\/\/mojmeteor.com\/index.php\/wp-json\/wp\/v2\/types\/post"}],"author":[{"embeddable":true,"href":"https:\/\/mojmeteor.com\/index.php\/wp-json\/wp\/v2\/users\/8"}],"replies":[{"embeddable":true,"href":"https:\/\/mojmeteor.com\/index.php\/wp-json\/wp\/v2\/comments?post=9305"}],"version-history":[{"count":19,"href":"https:\/\/mojmeteor.com\/index.php\/wp-json\/wp\/v2\/posts\/9305\/revisions"}],"predecessor-version":[{"id":9469,"href":"https:\/\/mojmeteor.com\/index.php\/wp-json\/wp\/v2\/posts\/9305\/revisions\/9469"}],"wp:featuredmedia":[{"embeddable":true,"href":"https:\/\/mojmeteor.com\/index.php\/wp-json\/wp\/v2\/media\/9331"}],"wp:attachment":[{"href":"https:\/\/mojmeteor.com\/index.php\/wp-json\/wp\/v2\/media?parent=9305"}],"wp:term":[{"taxonomy":"category","embeddable":true,"href":"https:\/\/mojmeteor.com\/index.php\/wp-json\/wp\/v2\/categories?post=9305"},{"taxonomy":"post_tag","embeddable":true,"href":"https:\/\/mojmeteor.com\/index.php\/wp-json\/wp\/v2\/tags?post=9305"}],"curies":[{"name":"wp","href":"https:\/\/api.w.org\/{rel}","templated":true}]}}