{"id":9379,"date":"2025-10-28T14:56:32","date_gmt":"2025-10-28T14:56:32","guid":{"rendered":"https:\/\/mojmeteor.com\/?p=9379"},"modified":"2026-01-06T16:00:55","modified_gmt":"2026-01-06T16:00:55","slug":"erasmus-job-shadowing-ugostili-smo-tri-uciteljice-iz-spanjolske","status":"publish","type":"post","link":"https:\/\/mojmeteor.com\/index.php\/2025\/10\/28\/erasmus-job-shadowing-ugostili-smo-tri-uciteljice-iz-spanjolske\/","title":{"rendered":"ERASMUS+ JOB SHADOWING: Ugostili smo tri u\u010diteljice iz \u0160panjolske"},"content":{"rendered":"\n<p class=\"has-text-color has-background has-link-color wp-elements-1 wp-block-paragraph\" style=\"color:#0e0d0d;background-color:#78dddb\">O\u0160 Antuna Mihanovi\u0107a Slavonski Brod od 20. do 24. listopada 2025. s veseljem je ugostila tri u\u010diteljice iz partnerske \u0161kole CEIP Gloria Fuertes iz grada Ja\u00e9n (Andaluzija), \u0160panjolska. <\/p>\n\n\n\n<div class=\"wp-block-jetpack-slideshow aligncenter\" data-effect=\"slide\"><div class=\"wp-block-jetpack-slideshow_container swiper-container\"><ul class=\"wp-block-jetpack-slideshow_swiper-wrapper swiper-wrapper\"><li class=\"wp-block-jetpack-slideshow_slide swiper-slide\"><figure><img loading=\"lazy\" decoding=\"async\" width=\"1024\" height=\"768\" alt=\"\" class=\"wp-block-jetpack-slideshow_image wp-image-9385\" data-id=\"9385\" src=\"https:\/\/mojmeteor.com\/wp-content\/uploads\/2025\/10\/IMG_20251020_083740007_HDR-1024x768.jpg\" srcset=\"https:\/\/mojmeteor.com\/wp-content\/uploads\/2025\/10\/IMG_20251020_083740007_HDR-1024x768.jpg 1024w, https:\/\/mojmeteor.com\/wp-content\/uploads\/2025\/10\/IMG_20251020_083740007_HDR-300x225.jpg 300w, https:\/\/mojmeteor.com\/wp-content\/uploads\/2025\/10\/IMG_20251020_083740007_HDR-768x576.jpg 768w, https:\/\/mojmeteor.com\/wp-content\/uploads\/2025\/10\/IMG_20251020_083740007_HDR-267x200.jpg 267w, https:\/\/mojmeteor.com\/wp-content\/uploads\/2025\/10\/IMG_20251020_083740007_HDR.jpg 1236w\" sizes=\"auto, (max-width: 1024px) 100vw, 1024px\" \/><figcaption class=\"wp-block-jetpack-slideshow_caption gallery-caption\">Ekipa za dobrodo\u0161licu<\/figcaption><\/figure><\/li><li class=\"wp-block-jetpack-slideshow_slide swiper-slide\"><figure><img loading=\"lazy\" decoding=\"async\" width=\"1024\" height=\"768\" alt=\"\" class=\"wp-block-jetpack-slideshow_image wp-image-9383\" data-id=\"9383\" src=\"https:\/\/mojmeteor.com\/wp-content\/uploads\/2025\/10\/IMG_20251020_084545529_HDR-1024x768.jpg\" srcset=\"https:\/\/mojmeteor.com\/wp-content\/uploads\/2025\/10\/IMG_20251020_084545529_HDR-1024x768.jpg 1024w, https:\/\/mojmeteor.com\/wp-content\/uploads\/2025\/10\/IMG_20251020_084545529_HDR-300x225.jpg 300w, https:\/\/mojmeteor.com\/wp-content\/uploads\/2025\/10\/IMG_20251020_084545529_HDR-768x576.jpg 768w, https:\/\/mojmeteor.com\/wp-content\/uploads\/2025\/10\/IMG_20251020_084545529_HDR-267x200.jpg 267w, https:\/\/mojmeteor.com\/wp-content\/uploads\/2025\/10\/IMG_20251020_084545529_HDR.jpg 1236w\" sizes=\"auto, (max-width: 1024px) 100vw, 1024px\" \/><figcaption class=\"wp-block-jetpack-slideshow_caption gallery-caption\">Go\u0161\u0107e u pratnji na\u0161e psihologinje i pedagoginje<\/figcaption><\/figure><\/li><\/ul><a class=\"wp-block-jetpack-slideshow_button-prev swiper-button-prev swiper-button-white\" role=\"button\"><\/a><a class=\"wp-block-jetpack-slideshow_button-next swiper-button-next swiper-button-white\" role=\"button\"><\/a><a aria-label=\"Pause Slideshow\" class=\"wp-block-jetpack-slideshow_button-pause\" role=\"button\"><\/a><div class=\"wp-block-jetpack-slideshow_pagination swiper-pagination swiper-pagination-white\"><\/div><\/div><\/div>\n\n\n\n<p class=\"wp-block-paragraph\"><br><strong>Program dobrodo\u0161lice i prvi dojmovi<br><\/strong>Go\u0161\u0107e Cristina Lozano Miralles (u\u010diteljica engleskog jezika), Mar\u00eda Castro Peinado (defektologinja) i M\u00aa del Pilar Fern\u00e1ndez Santiago (u\u010diteljica razredne nastave) sudjelovale su u aktivnosti pra\u0107enja rada (Job Shadowing) u sklopu Erasmus+ projekta K-122-SCH (Broj projekta: 2024-1-ES01-KA122-SCH-000233127). Prvog dana posjeta, u ponedjeljak, 20. listopada, za na\u0161e smo go\u0161\u0107e organizirali sve\u010dani prijem dobrodo\u0161lice u \u0161kolskoj knji\u017enici. Pozdravile su ih koordinatorica Erasmus programa<br>Ivana Brki\u0107 Klimpak i stru\u010dni tim \u0161kole, a u\u010denici su pripremili prigodni nastup (\u0161kolski zbor i recitacije). Nakon upoznavanja i predstavljanja, u\u010diteljice su se upoznale s hrvatskim<br>obrazovnim sustavom, radom posebnog razrednog odjela i obi\u0161le prostorije \u0161kole.<\/p>\n\n\n\n<p class=\"wp-block-paragraph\"><br><strong>Razmjena iskustava i pra\u0107enje nastave<\/strong><br>Tijekom tjedna, kolegice iz \u0160panjolske pratile su nastavu i sudjelovale u nizu planiranih<br>aktivnosti. Teme mobilnosti uklju\u010divale su nove metode u\u010denja i pou\u010davanja, digitalnu<br>transformaciju, inkluziju i rad s u\u010denicima s te\u0161ko\u0107ama te odr\u017eivost, kroz predstavljanje<br>projekata \u0161kole i raznih projektnih aktivnosti poput projekta &#8220;Nije moje sme\u0107e, ali je moj<br>planet\u201c.<br>Prisustvovale su satovima Geografije, Matematike, Informatike, Hrvatskog jezika te radu<br>medijske dru\u017eine. Tako\u0111er su posjetile na\u0161 posebni razredni odjel i podru\u010dnu \u0161kolu u Malom<br>Parizu. Odr\u017eana je i radionica s u\u010denicima &#8220;Upoznajmo \u0160panjolsku i Hrvatsku&#8221; te okrugli stol<br>s u\u010diteljima o razmjeni primjera dobre prakse, inovativnim metodama i inkluziji te daljnjoj<br>suradnji.<\/p>\n\n\n\n<div class=\"wp-block-jetpack-slideshow aligncenter\" data-effect=\"slide\"><div class=\"wp-block-jetpack-slideshow_container swiper-container\"><ul class=\"wp-block-jetpack-slideshow_swiper-wrapper swiper-wrapper\"><li class=\"wp-block-jetpack-slideshow_slide swiper-slide\"><figure><img loading=\"lazy\" decoding=\"async\" width=\"1024\" height=\"768\" alt=\"\" class=\"wp-block-jetpack-slideshow_image wp-image-9387\" data-id=\"9387\" src=\"https:\/\/mojmeteor.com\/wp-content\/uploads\/2025\/10\/IMG_20251021_104710072_HDR-1-1024x768.jpg\" srcset=\"https:\/\/mojmeteor.com\/wp-content\/uploads\/2025\/10\/IMG_20251021_104710072_HDR-1-1024x768.jpg 1024w, https:\/\/mojmeteor.com\/wp-content\/uploads\/2025\/10\/IMG_20251021_104710072_HDR-1-300x225.jpg 300w, https:\/\/mojmeteor.com\/wp-content\/uploads\/2025\/10\/IMG_20251021_104710072_HDR-1-768x576.jpg 768w, https:\/\/mojmeteor.com\/wp-content\/uploads\/2025\/10\/IMG_20251021_104710072_HDR-1-267x200.jpg 267w, https:\/\/mojmeteor.com\/wp-content\/uploads\/2025\/10\/IMG_20251021_104710072_HDR-1.jpg 1236w\" sizes=\"auto, (max-width: 1024px) 100vw, 1024px\" \/><figcaption class=\"wp-block-jetpack-slideshow_caption gallery-caption\">Posjet podru\u010dnoj \u0161koli u Malom Parizu<\/figcaption><\/figure><\/li><li class=\"wp-block-jetpack-slideshow_slide swiper-slide\"><figure><img loading=\"lazy\" decoding=\"async\" width=\"1024\" height=\"461\" alt=\"\" class=\"wp-block-jetpack-slideshow_image wp-image-9388\" data-id=\"9388\" src=\"https:\/\/mojmeteor.com\/wp-content\/uploads\/2025\/10\/viber_slika_2025-10-22_09-32-27-820-1024x461.jpg\" srcset=\"https:\/\/mojmeteor.com\/wp-content\/uploads\/2025\/10\/viber_slika_2025-10-22_09-32-27-820-1024x461.jpg 1024w, https:\/\/mojmeteor.com\/wp-content\/uploads\/2025\/10\/viber_slika_2025-10-22_09-32-27-820-300x135.jpg 300w, https:\/\/mojmeteor.com\/wp-content\/uploads\/2025\/10\/viber_slika_2025-10-22_09-32-27-820-768x346.jpg 768w, https:\/\/mojmeteor.com\/wp-content\/uploads\/2025\/10\/viber_slika_2025-10-22_09-32-27-820-1536x691.jpg 1536w, https:\/\/mojmeteor.com\/wp-content\/uploads\/2025\/10\/viber_slika_2025-10-22_09-32-27-820-444x200.jpg 444w, https:\/\/mojmeteor.com\/wp-content\/uploads\/2025\/10\/viber_slika_2025-10-22_09-32-27-820.jpg 1800w\" sizes=\"auto, (max-width: 1024px) 100vw, 1024px\" \/><figcaption class=\"wp-block-jetpack-slideshow_caption gallery-caption\">Sat orijentacije u tvr\u0111avi Brod<\/figcaption><\/figure><\/li><li class=\"wp-block-jetpack-slideshow_slide swiper-slide\"><figure><img loading=\"lazy\" decoding=\"async\" width=\"1024\" height=\"768\" alt=\"\" class=\"wp-block-jetpack-slideshow_image wp-image-9389\" data-id=\"9389\" src=\"https:\/\/mojmeteor.com\/wp-content\/uploads\/2025\/10\/IMG_20251023_114406010_HDR-1024x768.jpg\" srcset=\"https:\/\/mojmeteor.com\/wp-content\/uploads\/2025\/10\/IMG_20251023_114406010_HDR-1024x768.jpg 1024w, https:\/\/mojmeteor.com\/wp-content\/uploads\/2025\/10\/IMG_20251023_114406010_HDR-300x225.jpg 300w, https:\/\/mojmeteor.com\/wp-content\/uploads\/2025\/10\/IMG_20251023_114406010_HDR-768x576.jpg 768w, https:\/\/mojmeteor.com\/wp-content\/uploads\/2025\/10\/IMG_20251023_114406010_HDR-267x200.jpg 267w, https:\/\/mojmeteor.com\/wp-content\/uploads\/2025\/10\/IMG_20251023_114406010_HDR.jpg 1236w\" sizes=\"auto, (max-width: 1024px) 100vw, 1024px\" \/><figcaption class=\"wp-block-jetpack-slideshow_caption gallery-caption\">Prva\u0161i\u0107i na videokonferenciji<\/figcaption><\/figure><\/li><li class=\"wp-block-jetpack-slideshow_slide swiper-slide\"><figure><img loading=\"lazy\" decoding=\"async\" width=\"1024\" height=\"768\" alt=\"\" class=\"wp-block-jetpack-slideshow_image wp-image-9390\" data-id=\"9390\" src=\"https:\/\/mojmeteor.com\/wp-content\/uploads\/2025\/10\/IMG_20251023_114317941_HDR-1024x768.jpg\" srcset=\"https:\/\/mojmeteor.com\/wp-content\/uploads\/2025\/10\/IMG_20251023_114317941_HDR-1024x768.jpg 1024w, https:\/\/mojmeteor.com\/wp-content\/uploads\/2025\/10\/IMG_20251023_114317941_HDR-300x225.jpg 300w, https:\/\/mojmeteor.com\/wp-content\/uploads\/2025\/10\/IMG_20251023_114317941_HDR-768x576.jpg 768w, https:\/\/mojmeteor.com\/wp-content\/uploads\/2025\/10\/IMG_20251023_114317941_HDR-267x200.jpg 267w, https:\/\/mojmeteor.com\/wp-content\/uploads\/2025\/10\/IMG_20251023_114317941_HDR.jpg 1236w\" sizes=\"auto, (max-width: 1024px) 100vw, 1024px\" \/><figcaption class=\"wp-block-jetpack-slideshow_caption gallery-caption\">Lako se prva\u0161i\u0107i sporazumijevaju s vr\u0161njacima<\/figcaption><\/figure><\/li><li class=\"wp-block-jetpack-slideshow_slide swiper-slide\"><figure><img loading=\"lazy\" decoding=\"async\" width=\"1024\" height=\"768\" alt=\"\" class=\"wp-block-jetpack-slideshow_image wp-image-9392\" data-id=\"9392\" src=\"https:\/\/mojmeteor.com\/wp-content\/uploads\/2025\/10\/IMG_20251023_094601420_HDR-1024x768.jpg\" srcset=\"https:\/\/mojmeteor.com\/wp-content\/uploads\/2025\/10\/IMG_20251023_094601420_HDR-1024x768.jpg 1024w, https:\/\/mojmeteor.com\/wp-content\/uploads\/2025\/10\/IMG_20251023_094601420_HDR-300x225.jpg 300w, https:\/\/mojmeteor.com\/wp-content\/uploads\/2025\/10\/IMG_20251023_094601420_HDR-768x576.jpg 768w, https:\/\/mojmeteor.com\/wp-content\/uploads\/2025\/10\/IMG_20251023_094601420_HDR-267x200.jpg 267w, https:\/\/mojmeteor.com\/wp-content\/uploads\/2025\/10\/IMG_20251023_094601420_HDR.jpg 1236w\" sizes=\"auto, (max-width: 1024px) 100vw, 1024px\" \/><figcaption class=\"wp-block-jetpack-slideshow_caption gallery-caption\">Predstavljanje rada medijske dru\u017eine<\/figcaption><\/figure><\/li><li class=\"wp-block-jetpack-slideshow_slide swiper-slide\"><figure><img loading=\"lazy\" decoding=\"async\" width=\"1024\" height=\"768\" alt=\"\" class=\"wp-block-jetpack-slideshow_image wp-image-9393\" data-id=\"9393\" src=\"https:\/\/mojmeteor.com\/wp-content\/uploads\/2025\/10\/viber_slika_2025-10-23_13-43-28-196-1024x768.jpg\" srcset=\"https:\/\/mojmeteor.com\/wp-content\/uploads\/2025\/10\/viber_slika_2025-10-23_13-43-28-196-1024x768.jpg 1024w, https:\/\/mojmeteor.com\/wp-content\/uploads\/2025\/10\/viber_slika_2025-10-23_13-43-28-196-300x225.jpg 300w, https:\/\/mojmeteor.com\/wp-content\/uploads\/2025\/10\/viber_slika_2025-10-23_13-43-28-196-768x576.jpg 768w, https:\/\/mojmeteor.com\/wp-content\/uploads\/2025\/10\/viber_slika_2025-10-23_13-43-28-196-1536x1152.jpg 1536w, https:\/\/mojmeteor.com\/wp-content\/uploads\/2025\/10\/viber_slika_2025-10-23_13-43-28-196-267x200.jpg 267w, https:\/\/mojmeteor.com\/wp-content\/uploads\/2025\/10\/viber_slika_2025-10-23_13-43-28-196.jpg 1600w\" sizes=\"auto, (max-width: 1024px) 100vw, 1024px\" \/><figcaption class=\"wp-block-jetpack-slideshow_caption gallery-caption\">Sat o glagolima u 5. c<\/figcaption><\/figure><\/li><li class=\"wp-block-jetpack-slideshow_slide swiper-slide\"><figure><img loading=\"lazy\" decoding=\"async\" width=\"1024\" height=\"768\" alt=\"\" class=\"wp-block-jetpack-slideshow_image wp-image-9391\" data-id=\"9391\" src=\"https:\/\/mojmeteor.com\/wp-content\/uploads\/2025\/10\/IMG_20251023_094609695_HDR-1024x768.jpg\" srcset=\"https:\/\/mojmeteor.com\/wp-content\/uploads\/2025\/10\/IMG_20251023_094609695_HDR-1024x768.jpg 1024w, https:\/\/mojmeteor.com\/wp-content\/uploads\/2025\/10\/IMG_20251023_094609695_HDR-300x225.jpg 300w, https:\/\/mojmeteor.com\/wp-content\/uploads\/2025\/10\/IMG_20251023_094609695_HDR-768x576.jpg 768w, https:\/\/mojmeteor.com\/wp-content\/uploads\/2025\/10\/IMG_20251023_094609695_HDR-267x200.jpg 267w, https:\/\/mojmeteor.com\/wp-content\/uploads\/2025\/10\/IMG_20251023_094609695_HDR.jpg 1236w\" sizes=\"auto, (max-width: 1024px) 100vw, 1024px\" \/><figcaption class=\"wp-block-jetpack-slideshow_caption gallery-caption\">\u0160panjolke gledaju film o slavonskoj poga\u010di<\/figcaption><\/figure><\/li><\/ul><a class=\"wp-block-jetpack-slideshow_button-prev swiper-button-prev swiper-button-white\" role=\"button\"><\/a><a class=\"wp-block-jetpack-slideshow_button-next swiper-button-next swiper-button-white\" role=\"button\"><\/a><a aria-label=\"Pause Slideshow\" class=\"wp-block-jetpack-slideshow_button-pause\" role=\"button\"><\/a><div class=\"wp-block-jetpack-slideshow_pagination swiper-pagination swiper-pagination-white\"><\/div><\/div><\/div>\n\n\n\n<p class=\"wp-block-paragraph\"><strong><br>Upoznavanje Slavonskog Broda<\/strong><br>Kako bi go\u0161\u0107e \u0161to bolje upoznale na\u0161 grad i lokalnu tradiciju, svoj su posjet zaokru\u017eile<br>obilaskom grada u petak 24. 10. 2025. Posjetile su Ku\u0107u Tambure, Ku\u0107u Ivane Brli\u0107-Ma\u017eurani\u0107 i Muzej<br>Brodskog Posavlja. Tvr\u0111avu su upoznale na radionici orijentacije s u\u010denicima 3. B razreda.<br>Ova mobilnost bila je izvrsna prilika za razmjenu iskustava, upoznavanje \u0161panjolskog<br>obrazovnog sustava i unapre\u0111enje vlastitih kompetencija. Na kraju boravka, s go\u0161\u0107ama su<br>potpisani ugovori o suradnji i o sudjelovanju. Vjerujemo da su se na\u0161e go\u0161\u0107e osje\u0107ale ugodno<br>i cijenjeno tijekom svog boravka i da smo im bili dobri doma\u0107ini jer smo dali sve od sebe.<br>Zahvaljujemo kolegicama na posjetu i veselimo se budu\u0107oj suradnji!<\/p>\n\n\n\n<p class=\"has-text-align-right wp-block-paragraph\"><strong>PRIPREMILA: Ivana Brki\u0107 Klimpak<\/strong><\/p>\n","protected":false},"excerpt":{"rendered":"<p>Tijekom pet dana job shadowing programa, tri u\u010diteljice iz \u0160panjolske promatrale su rad u na\u0161oj \u0161koli i upoznale hrvatski obrazovni sustav<\/p>\n","protected":false},"author":8,"featured_media":9380,"comment_status":"closed","ping_status":"","sticky":false,"template":"","format":"standard","meta":{"footnotes":""},"categories":[16],"tags":[],"class_list":["post-9379","post","type-post","status-publish","format-standard","has-post-thumbnail","hentry","category-projekti"],"jetpack_sharing_enabled":true,"jetpack_featured_media_url":"https:\/\/mojmeteor.com\/wp-content\/uploads\/2026\/01\/IMG_20251023_094609695_HDR.jpg","jetpack-related-posts":[{"id":7700,"url":"https:\/\/mojmeteor.com\/index.php\/2023\/02\/17\/karaoke-pod-maskama-tulum-za-deset\/","url_meta":{"origin":9379,"position":0},"title":"KARAOKE POD MASKAMA: Tulum za deset","author":"admin","date":"17\/02\/2023","format":false,"excerpt":"Orila se na\u0161om \u0161kolom te ve\u010deri pjesma maskiranih izvo\u0111a\u010da i publike - u\u010denika, u\u010ditelja i roditelja","rel":"","context":"In &quot;Zabava&quot;","block_context":{"text":"Zabava","link":"https:\/\/mojmeteor.com\/index.php\/category\/zabava\/"},"img":{"alt_text":"","src":"","width":0,"height":0},"classes":[]},{"id":6970,"url":"https:\/\/mojmeteor.com\/index.php\/2022\/06\/08\/zupanijsko-timsko-natjecanje-iz-matematike-mali-einsteni-drugi\/","url_meta":{"origin":9379,"position":1},"title":"\u017dUPANIJSKO EKIPNO NATJECANJE IZ MATEMATIKE: Mali Einsteni drugi","author":"admin","date":"08\/06\/2022","format":false,"excerpt":"U subotu 4. lipnja 2022. odmjerili su snage matemati\u010dari \u010detvrta\u0161i na\u0161e \u017eupanije","rel":"","context":"In &quot;Doga\u0111anja&quot;","block_context":{"text":"Doga\u0111anja","link":"https:\/\/mojmeteor.com\/index.php\/category\/dogadanja\/"},"img":{"alt_text":"","src":"https:\/\/i0.wp.com\/mojmeteor.com\/wp-content\/uploads\/2022\/06\/img-7382f14ae4c1622ad60138e9f4ca2df5-v.jpg?resize=350%2C200&ssl=1","width":350,"height":200,"srcset":"https:\/\/i0.wp.com\/mojmeteor.com\/wp-content\/uploads\/2022\/06\/img-7382f14ae4c1622ad60138e9f4ca2df5-v.jpg?resize=350%2C200&ssl=1 1x, https:\/\/i0.wp.com\/mojmeteor.com\/wp-content\/uploads\/2022\/06\/img-7382f14ae4c1622ad60138e9f4ca2df5-v.jpg?resize=525%2C300&ssl=1 1.5x, https:\/\/i0.wp.com\/mojmeteor.com\/wp-content\/uploads\/2022\/06\/img-7382f14ae4c1622ad60138e9f4ca2df5-v.jpg?resize=700%2C400&ssl=1 2x, https:\/\/i0.wp.com\/mojmeteor.com\/wp-content\/uploads\/2022\/06\/img-7382f14ae4c1622ad60138e9f4ca2df5-v.jpg?resize=1050%2C600&ssl=1 3x, https:\/\/i0.wp.com\/mojmeteor.com\/wp-content\/uploads\/2022\/06\/img-7382f14ae4c1622ad60138e9f4ca2df5-v.jpg?resize=1400%2C800&ssl=1 4x"},"classes":[]},{"id":8740,"url":"https:\/\/mojmeteor.com\/index.php\/2024\/05\/27\/9-zenim-za-dlaku-medu-prva-tri\/","url_meta":{"origin":9379,"position":2},"title":"9. \u017dENIM: Za dlaku me\u0111u prva tri","author":"admin","date":"27\/05\/2024","format":false,"excerpt":"Jedanaest ekipa na devetom \u017dupanijskom ekipnom natjecanju iz Matematike za u\u010denike 4. razreda","rel":"","context":"In &quot;Doga\u0111anja&quot;","block_context":{"text":"Doga\u0111anja","link":"https:\/\/mojmeteor.com\/index.php\/category\/dogadanja\/"},"img":{"alt_text":"","src":"https:\/\/i0.wp.com\/mojmeteor.com\/wp-content\/uploads\/2024\/06\/Nagrade.jpg?resize=350%2C200&ssl=1","width":350,"height":200,"srcset":"https:\/\/i0.wp.com\/mojmeteor.com\/wp-content\/uploads\/2024\/06\/Nagrade.jpg?resize=350%2C200&ssl=1 1x, https:\/\/i0.wp.com\/mojmeteor.com\/wp-content\/uploads\/2024\/06\/Nagrade.jpg?resize=525%2C300&ssl=1 1.5x, https:\/\/i0.wp.com\/mojmeteor.com\/wp-content\/uploads\/2024\/06\/Nagrade.jpg?resize=700%2C400&ssl=1 2x"},"classes":[]},{"id":5599,"url":"https:\/\/mojmeteor.com\/index.php\/2019\/11\/14\/predstavljanje-knjiga-vlaste-golub\/","url_meta":{"origin":9379,"position":3},"title":"Predstavljanje knjiga Vlaste Golub","author":"admin","date":"14\/11\/2019","format":false,"excerpt":"U Mjesecu hrvatske knjige bili smo u Gradskoj knji\u017enici na susretu sa suvremenom knji\u017eevnicom Vlastom Golub","rel":"","context":"In &quot;Zanimljivosti&quot;","block_context":{"text":"Zanimljivosti","link":"https:\/\/mojmeteor.com\/index.php\/category\/zanimljivosti\/"},"img":{"alt_text":"","src":"https:\/\/i0.wp.com\/mojmeteor.com\/wp-content\/uploads\/2019\/11\/2-scaled.jpg?resize=350%2C200&ssl=1","width":350,"height":200,"srcset":"https:\/\/i0.wp.com\/mojmeteor.com\/wp-content\/uploads\/2019\/11\/2-scaled.jpg?resize=350%2C200&ssl=1 1x, https:\/\/i0.wp.com\/mojmeteor.com\/wp-content\/uploads\/2019\/11\/2-scaled.jpg?resize=525%2C300&ssl=1 1.5x, https:\/\/i0.wp.com\/mojmeteor.com\/wp-content\/uploads\/2019\/11\/2-scaled.jpg?resize=700%2C400&ssl=1 2x, https:\/\/i0.wp.com\/mojmeteor.com\/wp-content\/uploads\/2019\/11\/2-scaled.jpg?resize=1050%2C600&ssl=1 3x, https:\/\/i0.wp.com\/mojmeteor.com\/wp-content\/uploads\/2019\/11\/2-scaled.jpg?resize=1400%2C800&ssl=1 4x"},"classes":[]},{"id":9471,"url":"https:\/\/mojmeteor.com\/index.php\/2026\/02\/18\/karaoke-pod-maskama-2026-nevjerojatan-trud-i-kreativnost\/","url_meta":{"origin":9379,"position":4},"title":"KARAOKE POD MASKAMA 2026.: Ve\u010der pjesme i \u0161ale","author":"admin","date":"18\/02\/2026","format":false,"excerpt":"Ve\u010der uo\u010di po\u010detka korizme, 17. velja\u010de 2026., odr\u017eao se doga\u0111aj koji razvija samopouzdanje, kreativnost i \u0161kolu pretvara u \"house of fun\"","rel":"","context":"In &quot;Zabava&quot;","block_context":{"text":"Zabava","link":"https:\/\/mojmeteor.com\/index.php\/category\/zabava\/"},"img":{"alt_text":"","src":"https:\/\/i0.wp.com\/mojmeteor.com\/wp-content\/uploads\/2026\/02\/IMG_1384-scaled.jpg?resize=350%2C200&ssl=1","width":350,"height":200,"srcset":"https:\/\/i0.wp.com\/mojmeteor.com\/wp-content\/uploads\/2026\/02\/IMG_1384-scaled.jpg?resize=350%2C200&ssl=1 1x, https:\/\/i0.wp.com\/mojmeteor.com\/wp-content\/uploads\/2026\/02\/IMG_1384-scaled.jpg?resize=525%2C300&ssl=1 1.5x, https:\/\/i0.wp.com\/mojmeteor.com\/wp-content\/uploads\/2026\/02\/IMG_1384-scaled.jpg?resize=700%2C400&ssl=1 2x, https:\/\/i0.wp.com\/mojmeteor.com\/wp-content\/uploads\/2026\/02\/IMG_1384-scaled.jpg?resize=1050%2C600&ssl=1 3x, https:\/\/i0.wp.com\/mojmeteor.com\/wp-content\/uploads\/2026\/02\/IMG_1384-scaled.jpg?resize=1400%2C800&ssl=1 4x"},"classes":[]},{"id":509,"url":"https:\/\/mojmeteor.com\/index.php\/2015\/10\/23\/o-kruhu-i-vodi\/","url_meta":{"origin":9379,"position":5},"title":"O kruhu i vodi","author":"admin","date":"23\/10\/2015","format":false,"excerpt":"4.a u\u010diteljice Marine Sudarevi\u0107 stvarao je lirske pjesme o kruhu i vodi.","rel":"","context":"In &quot;Olovkom i kistom&quot;","block_context":{"text":"Olovkom i kistom","link":"https:\/\/mojmeteor.com\/index.php\/category\/olovkom-i-kistom\/"},"img":{"alt_text":"","src":"https:\/\/i0.wp.com\/mojmeteor.com\/wp-content\/uploads\/2016\/02\/ana-virkes2-b-2.jpg?resize=350%2C200&ssl=1","width":350,"height":200,"srcset":"https:\/\/i0.wp.com\/mojmeteor.com\/wp-content\/uploads\/2016\/02\/ana-virkes2-b-2.jpg?resize=350%2C200&ssl=1 1x, https:\/\/i0.wp.com\/mojmeteor.com\/wp-content\/uploads\/2016\/02\/ana-virkes2-b-2.jpg?resize=525%2C300&ssl=1 1.5x, https:\/\/i0.wp.com\/mojmeteor.com\/wp-content\/uploads\/2016\/02\/ana-virkes2-b-2.jpg?resize=700%2C400&ssl=1 2x, https:\/\/i0.wp.com\/mojmeteor.com\/wp-content\/uploads\/2016\/02\/ana-virkes2-b-2.jpg?resize=1050%2C600&ssl=1 3x, https:\/\/i0.wp.com\/mojmeteor.com\/wp-content\/uploads\/2016\/02\/ana-virkes2-b-2.jpg?resize=1400%2C800&ssl=1 4x"},"classes":[]}],"_links":{"self":[{"href":"https:\/\/mojmeteor.com\/index.php\/wp-json\/wp\/v2\/posts\/9379","targetHints":{"allow":["GET"]}}],"collection":[{"href":"https:\/\/mojmeteor.com\/index.php\/wp-json\/wp\/v2\/posts"}],"about":[{"href":"https:\/\/mojmeteor.com\/index.php\/wp-json\/wp\/v2\/types\/post"}],"author":[{"embeddable":true,"href":"https:\/\/mojmeteor.com\/index.php\/wp-json\/wp\/v2\/users\/8"}],"replies":[{"embeddable":true,"href":"https:\/\/mojmeteor.com\/index.php\/wp-json\/wp\/v2\/comments?post=9379"}],"version-history":[{"count":4,"href":"https:\/\/mojmeteor.com\/index.php\/wp-json\/wp\/v2\/posts\/9379\/revisions"}],"predecessor-version":[{"id":9396,"href":"https:\/\/mojmeteor.com\/index.php\/wp-json\/wp\/v2\/posts\/9379\/revisions\/9396"}],"wp:featuredmedia":[{"embeddable":true,"href":"https:\/\/mojmeteor.com\/index.php\/wp-json\/wp\/v2\/media\/9380"}],"wp:attachment":[{"href":"https:\/\/mojmeteor.com\/index.php\/wp-json\/wp\/v2\/media?parent=9379"}],"wp:term":[{"taxonomy":"category","embeddable":true,"href":"https:\/\/mojmeteor.com\/index.php\/wp-json\/wp\/v2\/categories?post=9379"},{"taxonomy":"post_tag","embeddable":true,"href":"https:\/\/mojmeteor.com\/index.php\/wp-json\/wp\/v2\/tags?post=9379"}],"curies":[{"name":"wp","href":"https:\/\/api.w.org\/{rel}","templated":true}]}}