{"id":9419,"date":"2026-01-02T20:28:36","date_gmt":"2026-01-02T20:28:36","guid":{"rendered":"https:\/\/mojmeteor.com\/?p=9419"},"modified":"2026-01-06T21:02:53","modified_gmt":"2026-01-06T21:02:53","slug":"jezicni-savjeti-na-radiju-92-fm-za-svetoga-nikolu-stizu-petice-iz-jezika","status":"publish","type":"post","link":"https:\/\/mojmeteor.com\/index.php\/2026\/01\/02\/jezicni-savjeti-na-radiju-92-fm-za-svetoga-nikolu-stizu-petice-iz-jezika\/","title":{"rendered":"JEZI\u010cNI SAVJETI NA RADIJU 92 FM: Na Svetog Nikolu sti\u017eu petice iz jezika"},"content":{"rendered":"\n<p class=\"has-text-color has-background has-link-color wp-elements-a8c3eadd017faf9b663603cbd9cc6061\" style=\"color:#090909;background:linear-gradient(135deg,rgb(255,245,203) 0%,rgb(182,227,212) 50%,rgb(51,167,181) 81%)\">Srijedom u 12:30 sati na <strong>Radiju 92 FM <\/strong>tre\u0107i blok savjeta za mjesec prosinac pripremali su: sedma\u0161ica Klara Martinovi\u0107 te peta\u0161i Magdalena Pavi\u0107 i Roko Buljan. Pi\u0161e li se Advent ili advent, ka\u017ee li se sretan ili \u010destit Bo\u017ei\u0107; tko se smrzava, a \u0161to zamrzava i ho\u0107e li nas snijeg zasuti na Novu godinu &#8211; poslu\u0161ajmo i nau\u010dimo<\/p>\n\n\n\n<figure class=\"wp-block-image size-large\"><img loading=\"lazy\" decoding=\"async\" width=\"1024\" height=\"768\" src=\"https:\/\/mojmeteor.com\/wp-content\/uploads\/2026\/01\/IMG_20251202_101439-1024x768.jpg\" alt=\"\" class=\"wp-image-9402\" srcset=\"https:\/\/mojmeteor.com\/wp-content\/uploads\/2026\/01\/IMG_20251202_101439-1024x768.jpg 1024w, https:\/\/mojmeteor.com\/wp-content\/uploads\/2026\/01\/IMG_20251202_101439-300x225.jpg 300w, https:\/\/mojmeteor.com\/wp-content\/uploads\/2026\/01\/IMG_20251202_101439-768x576.jpg 768w, https:\/\/mojmeteor.com\/wp-content\/uploads\/2026\/01\/IMG_20251202_101439-1536x1152.jpg 1536w, https:\/\/mojmeteor.com\/wp-content\/uploads\/2026\/01\/IMG_20251202_101439-2048x1536.jpg 2048w, https:\/\/mojmeteor.com\/wp-content\/uploads\/2026\/01\/IMG_20251202_101439-267x200.jpg 267w\" sizes=\"auto, (max-width: 1024px) 100vw, 1024px\" \/><figcaption class=\"wp-element-caption\">Roko, Magdalena i Klara na ulazu u radijsku postaju<\/figcaption><\/figure>\n\n\n<style>.wp-block-kadence-advancedheading.kt-adv-heading9419_62f2f8-49, .wp-block-kadence-advancedheading.kt-adv-heading9419_62f2f8-49[data-kb-block=\"kb-adv-heading9419_62f2f8-49\"]{font-style:normal;}.wp-block-kadence-advancedheading.kt-adv-heading9419_62f2f8-49 mark, .wp-block-kadence-advancedheading.kt-adv-heading9419_62f2f8-49[data-kb-block=\"kb-adv-heading9419_62f2f8-49\"] mark{font-style:normal;color:#f76a0c;padding-top:0px;padding-right:0px;padding-bottom:0px;padding-left:0px;}<\/style>\n<h2 class=\"kt-adv-heading9419_62f2f8-49 wp-block-kadence-advancedheading\" data-kb-block=\"kb-adv-heading9419_62f2f8-49\">sine, kako se pi\u0161e advent?<\/h2>\n\n\n\n<figure class=\"wp-block-audio\"><audio controls src=\"https:\/\/mojmeteor.com\/wp-content\/uploads\/2026\/01\/3-advent-Sveti-Nikola.mp3\"><\/audio><\/figure>\n\n\n<style>.wp-block-kadence-advancedheading.kt-adv-heading9419_2a0ca5-68, .wp-block-kadence-advancedheading.kt-adv-heading9419_2a0ca5-68[data-kb-block=\"kb-adv-heading9419_2a0ca5-68\"]{font-style:normal;}.wp-block-kadence-advancedheading.kt-adv-heading9419_2a0ca5-68 mark, .wp-block-kadence-advancedheading.kt-adv-heading9419_2a0ca5-68[data-kb-block=\"kb-adv-heading9419_2a0ca5-68\"] mark{font-style:normal;color:#f76a0c;padding-top:0px;padding-right:0px;padding-bottom:0px;padding-left:0px;}<\/style>\n<h2 class=\"kt-adv-heading9419_2a0ca5-68 wp-block-kadence-advancedheading\" data-kb-block=\"kb-adv-heading9419_2a0ca5-68\">Tko se smrzava, a \u0161to zamrzava?<\/h2>\n\n\n\n<figure class=\"wp-block-audio\"><audio controls src=\"https:\/\/mojmeteor.com\/wp-content\/uploads\/2026\/01\/3-Zamrznuti-i-smrznuti.mp3\"><\/audio><\/figure>\n\n\n<style>.wp-block-kadence-advancedheading.kt-adv-heading9419_77e8b3-61, .wp-block-kadence-advancedheading.kt-adv-heading9419_77e8b3-61[data-kb-block=\"kb-adv-heading9419_77e8b3-61\"]{font-style:normal;}.wp-block-kadence-advancedheading.kt-adv-heading9419_77e8b3-61 mark, .wp-block-kadence-advancedheading.kt-adv-heading9419_77e8b3-61[data-kb-block=\"kb-adv-heading9419_77e8b3-61\"] mark{font-style:normal;color:#f76a0c;padding-top:0px;padding-right:0px;padding-bottom:0px;padding-left:0px;}<\/style>\n<h2 class=\"kt-adv-heading9419_77e8b3-61 wp-block-kadence-advancedheading\" data-kb-block=\"kb-adv-heading9419_77e8b3-61\">NOVA GODINA ZASULA NAS SNIJEGOM<\/h2>\n\n\n\n<figure class=\"wp-block-audio\"><audio controls src=\"https:\/\/mojmeteor.com\/wp-content\/uploads\/2026\/01\/Grampogram-3112.mp3\"><\/audio><\/figure>\n\n\n\n<p><\/p>\n","protected":false},"excerpt":{"rendered":"<p>Pi\u0161e li se Advent ili advent, ka\u017ee li se sretan ili \u010destit Bo\u017ei\u0107; tko se smrzava, a \u0161to zamrzava i ho\u0107e li nas snijeg zasuti na Novu godinu<\/p>\n","protected":false},"author":8,"featured_media":9402,"comment_status":"closed","ping_status":"","sticky":false,"template":"","format":"standard","meta":{"footnotes":""},"categories":[17],"tags":[],"class_list":["post-9419","post","type-post","status-publish","format-standard","has-post-thumbnail","hentry","category-jezicni-savjeti"],"jetpack_sharing_enabled":true,"jetpack_featured_media_url":"https:\/\/mojmeteor.com\/wp-content\/uploads\/2026\/01\/IMG_20251202_101439-scaled.jpg","jetpack-related-posts":[{"id":9535,"url":"https:\/\/mojmeteor.com\/index.php\/2026\/02\/13\/jezicni-savjeti-sto-za-valentinovo-a-cega-se-odrecimo-u-korizmi\/","url_meta":{"origin":9419,"position":0},"title":"JEZI\u010cNI SAVJETI NA RADIJU 92 FM: \u0160to za Valentinovo, a \u010dega se odrecimo u korizmi","author":"admin","date":"13\/02\/2026","format":false,"excerpt":"Karla Noemi i Klara na Radiju 92 FM snimile su novi blok jezi\u010dnih savjeta za emisiju Gram po gram","rel":"","context":"In &quot;Jezi\u010dni savjeti&quot;","block_context":{"text":"Jezi\u010dni savjeti","link":"https:\/\/mojmeteor.com\/index.php\/category\/jezicni-savjeti\/"},"img":{"alt_text":"","src":"https:\/\/i0.wp.com\/mojmeteor.com\/wp-content\/uploads\/2026\/02\/IMG_20260210_103235_edit_586144850668782-scaled.jpg?resize=350%2C200&ssl=1","width":350,"height":200,"srcset":"https:\/\/i0.wp.com\/mojmeteor.com\/wp-content\/uploads\/2026\/02\/IMG_20260210_103235_edit_586144850668782-scaled.jpg?resize=350%2C200&ssl=1 1x, https:\/\/i0.wp.com\/mojmeteor.com\/wp-content\/uploads\/2026\/02\/IMG_20260210_103235_edit_586144850668782-scaled.jpg?resize=525%2C300&ssl=1 1.5x, https:\/\/i0.wp.com\/mojmeteor.com\/wp-content\/uploads\/2026\/02\/IMG_20260210_103235_edit_586144850668782-scaled.jpg?resize=700%2C400&ssl=1 2x, https:\/\/i0.wp.com\/mojmeteor.com\/wp-content\/uploads\/2026\/02\/IMG_20260210_103235_edit_586144850668782-scaled.jpg?resize=1050%2C600&ssl=1 3x, https:\/\/i0.wp.com\/mojmeteor.com\/wp-content\/uploads\/2026\/02\/IMG_20260210_103235_edit_586144850668782-scaled.jpg?resize=1400%2C800&ssl=1 4x"},"classes":[]},{"id":9410,"url":"https:\/\/mojmeteor.com\/index.php\/2025\/11\/03\/jezicni-savjeti-na-radiju-92-fm-nismo-se-zahvaliti-pozivu-na-novinarsku-suradnju\/","url_meta":{"origin":9419,"position":1},"title":"JEZI\u010cNI SAVJETI NA RADIJU 92 FM: Nismo se zahvalili pozivu na novinarsku suradnju","author":"admin","date":"03\/11\/2025","format":false,"excerpt":"Tijekom rada s ekipom Radija 92 FM u sklopu manifestacije U svijetu bajki Ivane Brli\u0107-Ma\u017eurani\u0107 prihvatili smo poziv na suradnju i pripremanje emisije jezi\u010dnih savjeta Gram po gram","rel":"","context":"In &quot;Jezi\u010dni savjeti&quot;","block_context":{"text":"Jezi\u010dni savjeti","link":"https:\/\/mojmeteor.com\/index.php\/category\/jezicni-savjeti\/"},"img":{"alt_text":"","src":"https:\/\/i0.wp.com\/mojmeteor.com\/wp-content\/uploads\/2026\/01\/IMG_20250930_104400-scaled.jpg?resize=350%2C200&ssl=1","width":350,"height":200,"srcset":"https:\/\/i0.wp.com\/mojmeteor.com\/wp-content\/uploads\/2026\/01\/IMG_20250930_104400-scaled.jpg?resize=350%2C200&ssl=1 1x, https:\/\/i0.wp.com\/mojmeteor.com\/wp-content\/uploads\/2026\/01\/IMG_20250930_104400-scaled.jpg?resize=525%2C300&ssl=1 1.5x, https:\/\/i0.wp.com\/mojmeteor.com\/wp-content\/uploads\/2026\/01\/IMG_20250930_104400-scaled.jpg?resize=700%2C400&ssl=1 2x, https:\/\/i0.wp.com\/mojmeteor.com\/wp-content\/uploads\/2026\/01\/IMG_20250930_104400-scaled.jpg?resize=1050%2C600&ssl=1 3x, https:\/\/i0.wp.com\/mojmeteor.com\/wp-content\/uploads\/2026\/01\/IMG_20250930_104400-scaled.jpg?resize=1400%2C800&ssl=1 4x"},"classes":[]},{"id":9397,"url":"https:\/\/mojmeteor.com\/index.php\/2025\/12\/01\/jezicni-savjeti-na-radiju-92-fm-kamo-me-vislje-dzojnaj\/","url_meta":{"origin":9419,"position":2},"title":"JEZI\u010cNI SAVJETI NA RADIJU 92 FM: Kamo me vi\u0161lje d\u017eojnaj","author":"admin","date":"01\/12\/2025","format":false,"excerpt":"Za po\u010detak D\u017dOJNAJMO se u 99 no\u0107i u \u0161umi pa saznajmo za\u0161to se VI\u0160LJE ne mo\u017ee GDJE, KUDA i KAMO","rel":"","context":"In &quot;Jezi\u010dni savjeti&quot;","block_context":{"text":"Jezi\u010dni savjeti","link":"https:\/\/mojmeteor.com\/index.php\/category\/jezicni-savjeti\/"},"img":{"alt_text":"","src":"https:\/\/i0.wp.com\/mojmeteor.com\/wp-content\/uploads\/2026\/01\/IMG_20251021_104212-scaled.jpg?resize=350%2C200&ssl=1","width":350,"height":200,"srcset":"https:\/\/i0.wp.com\/mojmeteor.com\/wp-content\/uploads\/2026\/01\/IMG_20251021_104212-scaled.jpg?resize=350%2C200&ssl=1 1x, https:\/\/i0.wp.com\/mojmeteor.com\/wp-content\/uploads\/2026\/01\/IMG_20251021_104212-scaled.jpg?resize=525%2C300&ssl=1 1.5x, https:\/\/i0.wp.com\/mojmeteor.com\/wp-content\/uploads\/2026\/01\/IMG_20251021_104212-scaled.jpg?resize=700%2C400&ssl=1 2x, https:\/\/i0.wp.com\/mojmeteor.com\/wp-content\/uploads\/2026\/01\/IMG_20251021_104212-scaled.jpg?resize=1050%2C600&ssl=1 3x, https:\/\/i0.wp.com\/mojmeteor.com\/wp-content\/uploads\/2026\/01\/IMG_20251021_104212-scaled.jpg?resize=1400%2C800&ssl=1 4x"},"classes":[]},{"id":2514,"url":"https:\/\/mojmeteor.com\/index.php\/2016\/12\/08\/najljepse-doba-godine\/","url_meta":{"origin":9419,"position":3},"title":"NAJLJEP\u0160E DOBA GODINE?","author":"admin","date":"08\/12\/2016","format":false,"excerpt":"Zabavi SE RJE\u0161avAJU\u0107i na\u0161 Kviz i sazNAJ Je li i tebi prosiNAC NAJLJEP\u0160E DOBA GODINE.","rel":"","context":"In &quot;Zabava&quot;","block_context":{"text":"Zabava","link":"https:\/\/mojmeteor.com\/index.php\/category\/zabava\/"},"img":{"alt_text":"","src":"https:\/\/i0.wp.com\/mojmeteor.com\/wp-content\/uploads\/2016\/12\/bozic487ko.jpg?resize=350%2C200&ssl=1","width":350,"height":200,"srcset":"https:\/\/i0.wp.com\/mojmeteor.com\/wp-content\/uploads\/2016\/12\/bozic487ko.jpg?resize=350%2C200&ssl=1 1x, https:\/\/i0.wp.com\/mojmeteor.com\/wp-content\/uploads\/2016\/12\/bozic487ko.jpg?resize=525%2C300&ssl=1 1.5x, https:\/\/i0.wp.com\/mojmeteor.com\/wp-content\/uploads\/2016\/12\/bozic487ko.jpg?resize=700%2C400&ssl=1 2x, https:\/\/i0.wp.com\/mojmeteor.com\/wp-content\/uploads\/2016\/12\/bozic487ko.jpg?resize=1050%2C600&ssl=1 3x, https:\/\/i0.wp.com\/mojmeteor.com\/wp-content\/uploads\/2016\/12\/bozic487ko.jpg?resize=1400%2C800&ssl=1 4x"},"classes":[]},{"id":2672,"url":"https:\/\/mojmeteor.com\/index.php\/2016\/12\/23\/sretan-bozic\/","url_meta":{"origin":9419,"position":4},"title":"Sretan Bo\u017ei\u0107","author":"admin","date":"23\/12\/2016","format":false,"excerpt":"Recitatori, tambura\u0161i, zbor i ritmika po\u010dastili su nas veselim bo\u017ei\u0107nim programom.","rel":"","context":"In &quot;Doga\u0111anja&quot;","block_context":{"text":"Doga\u0111anja","link":"https:\/\/mojmeteor.com\/index.php\/category\/dogadanja\/"},"img":{"alt_text":"","src":"https:\/\/i0.wp.com\/mojmeteor.com\/wp-content\/uploads\/2017\/01\/boc5beic487na-pripredbica.jpg?resize=350%2C200&ssl=1","width":350,"height":200,"srcset":"https:\/\/i0.wp.com\/mojmeteor.com\/wp-content\/uploads\/2017\/01\/boc5beic487na-pripredbica.jpg?resize=350%2C200&ssl=1 1x, https:\/\/i0.wp.com\/mojmeteor.com\/wp-content\/uploads\/2017\/01\/boc5beic487na-pripredbica.jpg?resize=525%2C300&ssl=1 1.5x"},"classes":[]},{"id":6989,"url":"https:\/\/mojmeteor.com\/index.php\/2022\/05\/26\/duplici-i-vidje-bog-da-je-dobro-te-stvori-jos-jedno-takvo\/","url_meta":{"origin":9419,"position":5},"title":"DUPLI\u0106I: I vidje Bog da je dobro te stvori jo\u0161 jedno takvo","author":"admin","date":"26\/05\/2022","format":false,"excerpt":"Velika je radost imati brata ili sestru, a kako li je tek kada su on ili ona isti ti, tj. kad ste blizanci","rel":"","context":"In &quot;Zanimljivosti&quot;","block_context":{"text":"Zanimljivosti","link":"https:\/\/mojmeteor.com\/index.php\/category\/zanimljivosti\/"},"img":{"alt_text":"","src":"https:\/\/i0.wp.com\/mojmeteor.com\/wp-content\/uploads\/2022\/06\/duplici.jpg?resize=350%2C200&ssl=1","width":350,"height":200,"srcset":"https:\/\/i0.wp.com\/mojmeteor.com\/wp-content\/uploads\/2022\/06\/duplici.jpg?resize=350%2C200&ssl=1 1x, https:\/\/i0.wp.com\/mojmeteor.com\/wp-content\/uploads\/2022\/06\/duplici.jpg?resize=525%2C300&ssl=1 1.5x, https:\/\/i0.wp.com\/mojmeteor.com\/wp-content\/uploads\/2022\/06\/duplici.jpg?resize=700%2C400&ssl=1 2x, https:\/\/i0.wp.com\/mojmeteor.com\/wp-content\/uploads\/2022\/06\/duplici.jpg?resize=1050%2C600&ssl=1 3x, https:\/\/i0.wp.com\/mojmeteor.com\/wp-content\/uploads\/2022\/06\/duplici.jpg?resize=1400%2C800&ssl=1 4x"},"classes":[]}],"_links":{"self":[{"href":"https:\/\/mojmeteor.com\/index.php\/wp-json\/wp\/v2\/posts\/9419","targetHints":{"allow":["GET"]}}],"collection":[{"href":"https:\/\/mojmeteor.com\/index.php\/wp-json\/wp\/v2\/posts"}],"about":[{"href":"https:\/\/mojmeteor.com\/index.php\/wp-json\/wp\/v2\/types\/post"}],"author":[{"embeddable":true,"href":"https:\/\/mojmeteor.com\/index.php\/wp-json\/wp\/v2\/users\/8"}],"replies":[{"embeddable":true,"href":"https:\/\/mojmeteor.com\/index.php\/wp-json\/wp\/v2\/comments?post=9419"}],"version-history":[{"count":3,"href":"https:\/\/mojmeteor.com\/index.php\/wp-json\/wp\/v2\/posts\/9419\/revisions"}],"predecessor-version":[{"id":9425,"href":"https:\/\/mojmeteor.com\/index.php\/wp-json\/wp\/v2\/posts\/9419\/revisions\/9425"}],"wp:featuredmedia":[{"embeddable":true,"href":"https:\/\/mojmeteor.com\/index.php\/wp-json\/wp\/v2\/media\/9402"}],"wp:attachment":[{"href":"https:\/\/mojmeteor.com\/index.php\/wp-json\/wp\/v2\/media?parent=9419"}],"wp:term":[{"taxonomy":"category","embeddable":true,"href":"https:\/\/mojmeteor.com\/index.php\/wp-json\/wp\/v2\/categories?post=9419"},{"taxonomy":"post_tag","embeddable":true,"href":"https:\/\/mojmeteor.com\/index.php\/wp-json\/wp\/v2\/tags?post=9419"}],"curies":[{"name":"wp","href":"https:\/\/api.w.org\/{rel}","templated":true}]}}