{"id":9471,"date":"2026-02-18T09:17:18","date_gmt":"2026-02-18T09:17:18","guid":{"rendered":"https:\/\/mojmeteor.com\/?p=9471"},"modified":"2026-02-20T09:24:26","modified_gmt":"2026-02-20T09:24:26","slug":"karaoke-pod-maskama-2026-nevjerojatan-trud-i-kreativnost","status":"publish","type":"post","link":"https:\/\/mojmeteor.com\/index.php\/2026\/02\/18\/karaoke-pod-maskama-2026-nevjerojatan-trud-i-kreativnost\/","title":{"rendered":"KARAOKE POD MASKAMA 2026.: Ve\u010der pjesme i \u0161ale"},"content":{"rendered":"\n<p class=\"has-pale-ocean-gradient-background has-text-color has-background has-link-color wp-elements-1 wp-block-paragraph\" style=\"color:#0d0e0d\">Ve\u010der uo\u010di po\u010detka korizme, 17. velja\u010de 2026. odr\u017eale su se jo\u0161 jedne Karaoke pod maskama &#8211; doga\u0111aj koji razvija samopouzdanje, kreativnost i \u0161kolu pretvara u prostor zabave i veselja<\/p>\n\n\n\n<div class=\"wp-block-jetpack-slideshow aligncenter\" data-effect=\"slide\"><div class=\"wp-block-jetpack-slideshow_container swiper-container\"><ul class=\"wp-block-jetpack-slideshow_swiper-wrapper swiper-wrapper\"><li class=\"wp-block-jetpack-slideshow_slide swiper-slide\"><figure><img loading=\"lazy\" decoding=\"async\" width=\"1024\" height=\"683\" alt=\"\" class=\"wp-block-jetpack-slideshow_image wp-image-9472\" data-id=\"9472\" src=\"https:\/\/mojmeteor.com\/wp-content\/uploads\/2026\/02\/IMG_1384-1024x683.jpg\" srcset=\"https:\/\/mojmeteor.com\/wp-content\/uploads\/2026\/02\/IMG_1384-1024x683.jpg 1024w, https:\/\/mojmeteor.com\/wp-content\/uploads\/2026\/02\/IMG_1384-300x200.jpg 300w, https:\/\/mojmeteor.com\/wp-content\/uploads\/2026\/02\/IMG_1384-768x512.jpg 768w, https:\/\/mojmeteor.com\/wp-content\/uploads\/2026\/02\/IMG_1384-1536x1024.jpg 1536w, https:\/\/mojmeteor.com\/wp-content\/uploads\/2026\/02\/IMG_1384-2048x1365.jpg 2048w\" sizes=\"auto, (max-width: 1024px) 100vw, 1024px\" \/><figcaption class=\"wp-block-jetpack-slideshow_caption gallery-caption\">Kao da smo na pravom koncertu<\/figcaption><\/figure><\/li><li class=\"wp-block-jetpack-slideshow_slide swiper-slide\"><figure><img loading=\"lazy\" decoding=\"async\" width=\"1024\" height=\"683\" alt=\"\" class=\"wp-block-jetpack-slideshow_image wp-image-9474\" data-id=\"9474\" src=\"https:\/\/mojmeteor.com\/wp-content\/uploads\/2026\/02\/IMG_1358-1024x683.jpg\" srcset=\"https:\/\/mojmeteor.com\/wp-content\/uploads\/2026\/02\/IMG_1358-1024x683.jpg 1024w, https:\/\/mojmeteor.com\/wp-content\/uploads\/2026\/02\/IMG_1358-300x200.jpg 300w, https:\/\/mojmeteor.com\/wp-content\/uploads\/2026\/02\/IMG_1358-768x512.jpg 768w, https:\/\/mojmeteor.com\/wp-content\/uploads\/2026\/02\/IMG_1358-1536x1024.jpg 1536w, https:\/\/mojmeteor.com\/wp-content\/uploads\/2026\/02\/IMG_1358-2048x1365.jpg 2048w\" sizes=\"auto, (max-width: 1024px) 100vw, 1024px\" \/><figcaption class=\"wp-block-jetpack-slideshow_caption gallery-caption\">Peta\u0161ica Rea probija led<\/figcaption><\/figure><\/li><li class=\"wp-block-jetpack-slideshow_slide swiper-slide\"><figure><img loading=\"lazy\" decoding=\"async\" width=\"768\" height=\"1024\" alt=\"\" class=\"wp-block-jetpack-slideshow_image wp-image-9475\" data-id=\"9475\" src=\"https:\/\/mojmeteor.com\/wp-content\/uploads\/2026\/02\/IMG-111112-768x1024.jpg\" srcset=\"https:\/\/mojmeteor.com\/wp-content\/uploads\/2026\/02\/IMG-111112-768x1024.jpg 768w, https:\/\/mojmeteor.com\/wp-content\/uploads\/2026\/02\/IMG-111112-225x300.jpg 225w, https:\/\/mojmeteor.com\/wp-content\/uploads\/2026\/02\/IMG-111112-1152x1536.jpg 1152w, https:\/\/mojmeteor.com\/wp-content\/uploads\/2026\/02\/IMG-111112-150x200.jpg 150w, https:\/\/mojmeteor.com\/wp-content\/uploads\/2026\/02\/IMG-111112.jpg 1200w\" sizes=\"auto, (max-width: 768px) 100vw, 768px\" \/><figcaption class=\"wp-block-jetpack-slideshow_caption gallery-caption\">Omiljeni macchiato \u010detvrta\u0161ice Julije<\/figcaption><\/figure><\/li><li class=\"wp-block-jetpack-slideshow_slide swiper-slide\"><figure><img loading=\"lazy\" decoding=\"async\" width=\"1024\" height=\"683\" alt=\"\" class=\"wp-block-jetpack-slideshow_image wp-image-9478\" data-id=\"9478\" src=\"https:\/\/mojmeteor.com\/wp-content\/uploads\/2026\/02\/IMG_1357-1024x683.jpg\" srcset=\"https:\/\/mojmeteor.com\/wp-content\/uploads\/2026\/02\/IMG_1357-1024x683.jpg 1024w, https:\/\/mojmeteor.com\/wp-content\/uploads\/2026\/02\/IMG_1357-300x200.jpg 300w, https:\/\/mojmeteor.com\/wp-content\/uploads\/2026\/02\/IMG_1357-768x512.jpg 768w, https:\/\/mojmeteor.com\/wp-content\/uploads\/2026\/02\/IMG_1357-1536x1024.jpg 1536w, https:\/\/mojmeteor.com\/wp-content\/uploads\/2026\/02\/IMG_1357-2048x1365.jpg 2048w\" sizes=\"auto, (max-width: 1024px) 100vw, 1024px\" \/><figcaption class=\"wp-block-jetpack-slideshow_caption gallery-caption\">Voditeljice Anika i Agata<\/figcaption><\/figure><\/li><li class=\"wp-block-jetpack-slideshow_slide swiper-slide\"><figure><img loading=\"lazy\" decoding=\"async\" width=\"1024\" height=\"683\" alt=\"\" class=\"wp-block-jetpack-slideshow_image wp-image-9483\" data-id=\"9483\" src=\"https:\/\/mojmeteor.com\/wp-content\/uploads\/2026\/02\/IMG_1376-1024x683.jpg\" srcset=\"https:\/\/mojmeteor.com\/wp-content\/uploads\/2026\/02\/IMG_1376-1024x683.jpg 1024w, https:\/\/mojmeteor.com\/wp-content\/uploads\/2026\/02\/IMG_1376-300x200.jpg 300w, https:\/\/mojmeteor.com\/wp-content\/uploads\/2026\/02\/IMG_1376-768x512.jpg 768w, https:\/\/mojmeteor.com\/wp-content\/uploads\/2026\/02\/IMG_1376-1536x1024.jpg 1536w, https:\/\/mojmeteor.com\/wp-content\/uploads\/2026\/02\/IMG_1376-2048x1365.jpg 2048w\" sizes=\"auto, (max-width: 1024px) 100vw, 1024px\" \/><figcaption class=\"wp-block-jetpack-slideshow_caption gallery-caption\">Uz Hoki Poki svi znamo koreografiju<\/figcaption><\/figure><\/li><li class=\"wp-block-jetpack-slideshow_slide swiper-slide\"><figure><img loading=\"lazy\" decoding=\"async\" width=\"1024\" height=\"683\" alt=\"\" class=\"wp-block-jetpack-slideshow_image wp-image-9485\" data-id=\"9485\" src=\"https:\/\/mojmeteor.com\/wp-content\/uploads\/2026\/02\/IMG_1380-1024x683.jpg\" srcset=\"https:\/\/mojmeteor.com\/wp-content\/uploads\/2026\/02\/IMG_1380-1024x683.jpg 1024w, https:\/\/mojmeteor.com\/wp-content\/uploads\/2026\/02\/IMG_1380-300x200.jpg 300w, https:\/\/mojmeteor.com\/wp-content\/uploads\/2026\/02\/IMG_1380-768x512.jpg 768w, https:\/\/mojmeteor.com\/wp-content\/uploads\/2026\/02\/IMG_1380-1536x1024.jpg 1536w, https:\/\/mojmeteor.com\/wp-content\/uploads\/2026\/02\/IMG_1380-2048x1365.jpg 2048w\" sizes=\"auto, (max-width: 1024px) 100vw, 1024px\" \/><figcaption class=\"wp-block-jetpack-slideshow_caption gallery-caption\">Bez pjesme &#8220;Hajde da ludujemo&#8221; nema karaoka<\/figcaption><\/figure><\/li><li class=\"wp-block-jetpack-slideshow_slide swiper-slide\"><figure><img loading=\"lazy\" decoding=\"async\" width=\"1024\" height=\"683\" alt=\"\" class=\"wp-block-jetpack-slideshow_image wp-image-9491\" data-id=\"9491\" src=\"https:\/\/mojmeteor.com\/wp-content\/uploads\/2026\/02\/IMG_1424-1024x683.jpg\" srcset=\"https:\/\/mojmeteor.com\/wp-content\/uploads\/2026\/02\/IMG_1424-1024x683.jpg 1024w, https:\/\/mojmeteor.com\/wp-content\/uploads\/2026\/02\/IMG_1424-300x200.jpg 300w, https:\/\/mojmeteor.com\/wp-content\/uploads\/2026\/02\/IMG_1424-768x512.jpg 768w, https:\/\/mojmeteor.com\/wp-content\/uploads\/2026\/02\/IMG_1424-1536x1024.jpg 1536w, https:\/\/mojmeteor.com\/wp-content\/uploads\/2026\/02\/IMG_1424-2048x1365.jpg 2048w\" sizes=\"auto, (max-width: 1024px) 100vw, 1024px\" \/><figcaption class=\"wp-block-jetpack-slideshow_caption gallery-caption\">Omiljena Mia Dim\u0161i\u0107 trojke iz 2. a<\/figcaption><\/figure><\/li><li class=\"wp-block-jetpack-slideshow_slide swiper-slide\"><figure><img loading=\"lazy\" decoding=\"async\" width=\"1024\" height=\"683\" alt=\"\" class=\"wp-block-jetpack-slideshow_image wp-image-9495\" data-id=\"9495\" src=\"https:\/\/mojmeteor.com\/wp-content\/uploads\/2026\/02\/IMG_1458-1024x683.jpg\" srcset=\"https:\/\/mojmeteor.com\/wp-content\/uploads\/2026\/02\/IMG_1458-1024x683.jpg 1024w, https:\/\/mojmeteor.com\/wp-content\/uploads\/2026\/02\/IMG_1458-300x200.jpg 300w, https:\/\/mojmeteor.com\/wp-content\/uploads\/2026\/02\/IMG_1458-768x512.jpg 768w, https:\/\/mojmeteor.com\/wp-content\/uploads\/2026\/02\/IMG_1458-1536x1024.jpg 1536w, https:\/\/mojmeteor.com\/wp-content\/uploads\/2026\/02\/IMG_1458-2048x1365.jpg 2048w\" sizes=\"auto, (max-width: 1024px) 100vw, 1024px\" \/><figcaption class=\"wp-block-jetpack-slideshow_caption gallery-caption\">&#8220;It&#8217;s raining tacos&#8221; uz Davida i Petra<\/figcaption><\/figure><\/li><li class=\"wp-block-jetpack-slideshow_slide swiper-slide\"><figure><img loading=\"lazy\" decoding=\"async\" width=\"1024\" height=\"683\" alt=\"\" class=\"wp-block-jetpack-slideshow_image wp-image-9496\" data-id=\"9496\" src=\"https:\/\/mojmeteor.com\/wp-content\/uploads\/2026\/02\/IMG_1479-1024x683.jpg\" srcset=\"https:\/\/mojmeteor.com\/wp-content\/uploads\/2026\/02\/IMG_1479-1024x683.jpg 1024w, https:\/\/mojmeteor.com\/wp-content\/uploads\/2026\/02\/IMG_1479-300x200.jpg 300w, https:\/\/mojmeteor.com\/wp-content\/uploads\/2026\/02\/IMG_1479-768x512.jpg 768w, https:\/\/mojmeteor.com\/wp-content\/uploads\/2026\/02\/IMG_1479-1536x1024.jpg 1536w, https:\/\/mojmeteor.com\/wp-content\/uploads\/2026\/02\/IMG_1479-2048x1365.jpg 2048w\" sizes=\"auto, (max-width: 1024px) 100vw, 1024px\" \/><figcaption class=\"wp-block-jetpack-slideshow_caption gallery-caption\">Slatka djevoj\u010dica Stella<\/figcaption><\/figure><\/li><li class=\"wp-block-jetpack-slideshow_slide swiper-slide\"><figure><img loading=\"lazy\" decoding=\"async\" width=\"1024\" height=\"683\" alt=\"\" class=\"wp-block-jetpack-slideshow_image wp-image-9499\" data-id=\"9499\" src=\"https:\/\/mojmeteor.com\/wp-content\/uploads\/2026\/02\/IMG_1496-1024x683.jpg\" srcset=\"https:\/\/mojmeteor.com\/wp-content\/uploads\/2026\/02\/IMG_1496-1024x683.jpg 1024w, https:\/\/mojmeteor.com\/wp-content\/uploads\/2026\/02\/IMG_1496-300x200.jpg 300w, https:\/\/mojmeteor.com\/wp-content\/uploads\/2026\/02\/IMG_1496-768x512.jpg 768w, https:\/\/mojmeteor.com\/wp-content\/uploads\/2026\/02\/IMG_1496-1536x1024.jpg 1536w, https:\/\/mojmeteor.com\/wp-content\/uploads\/2026\/02\/IMG_1496-2048x1365.jpg 2048w\" sizes=\"auto, (max-width: 1024px) 100vw, 1024px\" \/><figcaption class=\"wp-block-jetpack-slideshow_caption gallery-caption\">Frankina &#8220;Terca na ti\u0161inu&#8221;<\/figcaption><\/figure><\/li><\/ul><a class=\"wp-block-jetpack-slideshow_button-prev swiper-button-prev swiper-button-white\" role=\"button\"><\/a><a class=\"wp-block-jetpack-slideshow_button-next swiper-button-next swiper-button-white\" role=\"button\"><\/a><a aria-label=\"Pause Slideshow\" class=\"wp-block-jetpack-slideshow_button-pause\" role=\"button\"><\/a><div class=\"wp-block-jetpack-slideshow_pagination swiper-pagination swiper-pagination-white\"><\/div><\/div><\/div>\n\n\n\n<p class=\"wp-block-paragraph\">\u0160kola je bila prepuna veselih kostima, sre\u0107e, smijeha i naravno pjesme. \u010cak \u010detrnaest pjesama pjevali su na\u0161i u\u010denici od 1. do 5. razreda. Kako su birali vesele i energi\u010dne pjesme, publika se rado uklju\u010dila u pjevanje. Pjeva\u010di su se na trenutak osje\u0107ali kao prave zvijezde.<\/p>\n\n\n\n<p class=\"wp-block-paragraph\">U\u010diteljice Antonija Marti\u0107 i Lucija Lebi\u0107 imale su zadatak odlu\u010diti koji su se u\u010denici najkreativnije maskirali. Prvo mjesto osvojili su \u010detvrta\u0161 <em>baka <\/em><strong>Ian <\/strong>i prva\u0161ica <em>balon<\/em> <strong>Mila Horva<\/strong>t, drugo mjesto peta\u0161ice <em>slikarice<\/em> <strong>Anita Zirdum i Gabrijela Mirosavljevi\u0107<\/strong>, tre\u0107e mjesto \u010detvrta\u0161ica <em>grozd<\/em> <strong>Franka Alar<\/strong>, a posebno je dodijeljena titula za najelegantniju masku peta\u0161ici <strong>Loti Leninger<\/strong>.<\/p>\n\n\n\n<div class=\"wp-block-jetpack-slideshow aligncenter\" data-effect=\"slide\"><div class=\"wp-block-jetpack-slideshow_container swiper-container\"><ul class=\"wp-block-jetpack-slideshow_swiper-wrapper swiper-wrapper\"><li class=\"wp-block-jetpack-slideshow_slide swiper-slide\"><figure><img loading=\"lazy\" decoding=\"async\" width=\"1024\" height=\"683\" alt=\"\" class=\"wp-block-jetpack-slideshow_image wp-image-9476\" data-id=\"9476\" src=\"https:\/\/mojmeteor.com\/wp-content\/uploads\/2026\/02\/IMG_1353-1024x683.jpg\" srcset=\"https:\/\/mojmeteor.com\/wp-content\/uploads\/2026\/02\/IMG_1353-1024x683.jpg 1024w, https:\/\/mojmeteor.com\/wp-content\/uploads\/2026\/02\/IMG_1353-300x200.jpg 300w, https:\/\/mojmeteor.com\/wp-content\/uploads\/2026\/02\/IMG_1353-768x512.jpg 768w, https:\/\/mojmeteor.com\/wp-content\/uploads\/2026\/02\/IMG_1353-1536x1024.jpg 1536w, https:\/\/mojmeteor.com\/wp-content\/uploads\/2026\/02\/IMG_1353-2048x1365.jpg 2048w\" sizes=\"auto, (max-width: 1024px) 100vw, 1024px\" \/><figcaption class=\"wp-block-jetpack-slideshow_caption gallery-caption\">Jedva smo prepoznali na\u0161e cekavice<\/figcaption><\/figure><\/li><li class=\"wp-block-jetpack-slideshow_slide swiper-slide\"><figure><img loading=\"lazy\" decoding=\"async\" width=\"1024\" height=\"683\" alt=\"\" class=\"wp-block-jetpack-slideshow_image wp-image-9477\" data-id=\"9477\" src=\"https:\/\/mojmeteor.com\/wp-content\/uploads\/2026\/02\/IMG_1355-1024x683.jpg\" srcset=\"https:\/\/mojmeteor.com\/wp-content\/uploads\/2026\/02\/IMG_1355-1024x683.jpg 1024w, https:\/\/mojmeteor.com\/wp-content\/uploads\/2026\/02\/IMG_1355-300x200.jpg 300w, https:\/\/mojmeteor.com\/wp-content\/uploads\/2026\/02\/IMG_1355-768x512.jpg 768w, https:\/\/mojmeteor.com\/wp-content\/uploads\/2026\/02\/IMG_1355-1536x1024.jpg 1536w, https:\/\/mojmeteor.com\/wp-content\/uploads\/2026\/02\/IMG_1355-2048x1365.jpg 2048w\" sizes=\"auto, (max-width: 1024px) 100vw, 1024px\" \/><figcaption class=\"wp-block-jetpack-slideshow_caption gallery-caption\">Slikarice su osvojile 2. mjesto<\/figcaption><\/figure><\/li><li class=\"wp-block-jetpack-slideshow_slide swiper-slide\"><figure><img loading=\"lazy\" decoding=\"async\" width=\"1024\" height=\"683\" alt=\"\" class=\"wp-block-jetpack-slideshow_image wp-image-9480\" data-id=\"9480\" src=\"https:\/\/mojmeteor.com\/wp-content\/uploads\/2026\/02\/IMG_1362-1024x683.jpg\" srcset=\"https:\/\/mojmeteor.com\/wp-content\/uploads\/2026\/02\/IMG_1362-1024x683.jpg 1024w, https:\/\/mojmeteor.com\/wp-content\/uploads\/2026\/02\/IMG_1362-300x200.jpg 300w, https:\/\/mojmeteor.com\/wp-content\/uploads\/2026\/02\/IMG_1362-768x512.jpg 768w, https:\/\/mojmeteor.com\/wp-content\/uploads\/2026\/02\/IMG_1362-1536x1024.jpg 1536w, https:\/\/mojmeteor.com\/wp-content\/uploads\/2026\/02\/IMG_1362-2048x1365.jpg 2048w\" sizes=\"auto, (max-width: 1024px) 100vw, 1024px\" \/><figcaption class=\"wp-block-jetpack-slideshow_caption gallery-caption\">Dje\u010dacima omiljeni likovi<\/figcaption><\/figure><\/li><li class=\"wp-block-jetpack-slideshow_slide swiper-slide\"><figure><img loading=\"lazy\" decoding=\"async\" width=\"1024\" height=\"683\" alt=\"\" class=\"wp-block-jetpack-slideshow_image wp-image-9481\" data-id=\"9481\" src=\"https:\/\/mojmeteor.com\/wp-content\/uploads\/2026\/02\/IMG_1370-1024x683.jpg\" srcset=\"https:\/\/mojmeteor.com\/wp-content\/uploads\/2026\/02\/IMG_1370-1024x683.jpg 1024w, https:\/\/mojmeteor.com\/wp-content\/uploads\/2026\/02\/IMG_1370-300x200.jpg 300w, https:\/\/mojmeteor.com\/wp-content\/uploads\/2026\/02\/IMG_1370-768x512.jpg 768w, https:\/\/mojmeteor.com\/wp-content\/uploads\/2026\/02\/IMG_1370-1536x1024.jpg 1536w, https:\/\/mojmeteor.com\/wp-content\/uploads\/2026\/02\/IMG_1370-2048x1365.jpg 2048w\" sizes=\"auto, (max-width: 1024px) 100vw, 1024px\" \/><figcaption class=\"wp-block-jetpack-slideshow_caption gallery-caption\">Tko je ova slatkica<\/figcaption><\/figure><\/li><li class=\"wp-block-jetpack-slideshow_slide swiper-slide\"><figure><img loading=\"lazy\" decoding=\"async\" width=\"1024\" height=\"683\" alt=\"\" class=\"wp-block-jetpack-slideshow_image wp-image-9482\" data-id=\"9482\" src=\"https:\/\/mojmeteor.com\/wp-content\/uploads\/2026\/02\/IMG_1375-1024x683.jpg\" srcset=\"https:\/\/mojmeteor.com\/wp-content\/uploads\/2026\/02\/IMG_1375-1024x683.jpg 1024w, https:\/\/mojmeteor.com\/wp-content\/uploads\/2026\/02\/IMG_1375-300x200.jpg 300w, https:\/\/mojmeteor.com\/wp-content\/uploads\/2026\/02\/IMG_1375-768x512.jpg 768w, https:\/\/mojmeteor.com\/wp-content\/uploads\/2026\/02\/IMG_1375-1536x1024.jpg 1536w, https:\/\/mojmeteor.com\/wp-content\/uploads\/2026\/02\/IMG_1375-2048x1365.jpg 2048w\" sizes=\"auto, (max-width: 1024px) 100vw, 1024px\" \/><figcaption class=\"wp-block-jetpack-slideshow_caption gallery-caption\">Za red brine na\u0161 policajac<\/figcaption><\/figure><\/li><li class=\"wp-block-jetpack-slideshow_slide swiper-slide\"><figure><img loading=\"lazy\" decoding=\"async\" width=\"1024\" height=\"683\" alt=\"\" class=\"wp-block-jetpack-slideshow_image wp-image-9484\" data-id=\"9484\" src=\"https:\/\/mojmeteor.com\/wp-content\/uploads\/2026\/02\/IMG_1377-1024x683.jpg\" srcset=\"https:\/\/mojmeteor.com\/wp-content\/uploads\/2026\/02\/IMG_1377-1024x683.jpg 1024w, https:\/\/mojmeteor.com\/wp-content\/uploads\/2026\/02\/IMG_1377-300x200.jpg 300w, https:\/\/mojmeteor.com\/wp-content\/uploads\/2026\/02\/IMG_1377-768x512.jpg 768w, https:\/\/mojmeteor.com\/wp-content\/uploads\/2026\/02\/IMG_1377-1536x1024.jpg 1536w, https:\/\/mojmeteor.com\/wp-content\/uploads\/2026\/02\/IMG_1377-2048x1365.jpg 2048w\" sizes=\"auto, (max-width: 1024px) 100vw, 1024px\" \/><figcaption class=\"wp-block-jetpack-slideshow_caption gallery-caption\">I tate poma\u017eu pri izradi maske<\/figcaption><\/figure><\/li><li class=\"wp-block-jetpack-slideshow_slide swiper-slide\"><figure><img loading=\"lazy\" decoding=\"async\" width=\"1024\" height=\"683\" alt=\"\" class=\"wp-block-jetpack-slideshow_image wp-image-9486\" data-id=\"9486\" src=\"https:\/\/mojmeteor.com\/wp-content\/uploads\/2026\/02\/IMG_1395-1024x683.jpg\" srcset=\"https:\/\/mojmeteor.com\/wp-content\/uploads\/2026\/02\/IMG_1395-1024x683.jpg 1024w, https:\/\/mojmeteor.com\/wp-content\/uploads\/2026\/02\/IMG_1395-300x200.jpg 300w, https:\/\/mojmeteor.com\/wp-content\/uploads\/2026\/02\/IMG_1395-768x512.jpg 768w, https:\/\/mojmeteor.com\/wp-content\/uploads\/2026\/02\/IMG_1395-1536x1024.jpg 1536w, https:\/\/mojmeteor.com\/wp-content\/uploads\/2026\/02\/IMG_1395-2048x1365.jpg 2048w\" sizes=\"auto, (max-width: 1024px) 100vw, 1024px\" \/><figcaption class=\"wp-block-jetpack-slideshow_caption gallery-caption\">\u0160armantni knji\u017eevni likovi<\/figcaption><\/figure><\/li><li class=\"wp-block-jetpack-slideshow_slide swiper-slide\"><figure><img loading=\"lazy\" decoding=\"async\" width=\"1024\" height=\"683\" alt=\"\" class=\"wp-block-jetpack-slideshow_image wp-image-9487\" data-id=\"9487\" src=\"https:\/\/mojmeteor.com\/wp-content\/uploads\/2026\/02\/IMG_1406-1024x683.jpg\" srcset=\"https:\/\/mojmeteor.com\/wp-content\/uploads\/2026\/02\/IMG_1406-1024x683.jpg 1024w, https:\/\/mojmeteor.com\/wp-content\/uploads\/2026\/02\/IMG_1406-300x200.jpg 300w, https:\/\/mojmeteor.com\/wp-content\/uploads\/2026\/02\/IMG_1406-768x512.jpg 768w, https:\/\/mojmeteor.com\/wp-content\/uploads\/2026\/02\/IMG_1406-1536x1024.jpg 1536w, https:\/\/mojmeteor.com\/wp-content\/uploads\/2026\/02\/IMG_1406-2048x1365.jpg 2048w\" sizes=\"auto, (max-width: 1024px) 100vw, 1024px\" \/><figcaption class=\"wp-block-jetpack-slideshow_caption gallery-caption\">Kuka zna gdje je dobra atmosfera<\/figcaption><\/figure><\/li><li class=\"wp-block-jetpack-slideshow_slide swiper-slide\"><figure><img loading=\"lazy\" decoding=\"async\" width=\"1024\" height=\"683\" alt=\"\" class=\"wp-block-jetpack-slideshow_image wp-image-9488\" data-id=\"9488\" src=\"https:\/\/mojmeteor.com\/wp-content\/uploads\/2026\/02\/IMG_1408-1024x683.jpg\" srcset=\"https:\/\/mojmeteor.com\/wp-content\/uploads\/2026\/02\/IMG_1408-1024x683.jpg 1024w, https:\/\/mojmeteor.com\/wp-content\/uploads\/2026\/02\/IMG_1408-300x200.jpg 300w, https:\/\/mojmeteor.com\/wp-content\/uploads\/2026\/02\/IMG_1408-768x512.jpg 768w, https:\/\/mojmeteor.com\/wp-content\/uploads\/2026\/02\/IMG_1408-1536x1024.jpg 1536w, https:\/\/mojmeteor.com\/wp-content\/uploads\/2026\/02\/IMG_1408-2048x1365.jpg 2048w\" sizes=\"auto, (max-width: 1024px) 100vw, 1024px\" \/><figcaption class=\"wp-block-jetpack-slideshow_caption gallery-caption\">Vje\u0161tice, slatke iz Mihanovi\u0107a<\/figcaption><\/figure><\/li><li class=\"wp-block-jetpack-slideshow_slide swiper-slide\"><figure><img loading=\"lazy\" decoding=\"async\" width=\"1024\" height=\"683\" alt=\"\" class=\"wp-block-jetpack-slideshow_image wp-image-9489\" data-id=\"9489\" src=\"https:\/\/mojmeteor.com\/wp-content\/uploads\/2026\/02\/IMG_1410-1024x683.jpg\" srcset=\"https:\/\/mojmeteor.com\/wp-content\/uploads\/2026\/02\/IMG_1410-1024x683.jpg 1024w, https:\/\/mojmeteor.com\/wp-content\/uploads\/2026\/02\/IMG_1410-300x200.jpg 300w, https:\/\/mojmeteor.com\/wp-content\/uploads\/2026\/02\/IMG_1410-768x512.jpg 768w, https:\/\/mojmeteor.com\/wp-content\/uploads\/2026\/02\/IMG_1410-1536x1024.jpg 1536w, https:\/\/mojmeteor.com\/wp-content\/uploads\/2026\/02\/IMG_1410-2048x1365.jpg 2048w\" sizes=\"auto, (max-width: 1024px) 100vw, 1024px\" \/><figcaption class=\"wp-block-jetpack-slideshow_caption gallery-caption\">Vampirice 7. b<\/figcaption><\/figure><\/li><li class=\"wp-block-jetpack-slideshow_slide swiper-slide\"><figure><img loading=\"lazy\" decoding=\"async\" width=\"1024\" height=\"683\" alt=\"\" class=\"wp-block-jetpack-slideshow_image wp-image-9490\" data-id=\"9490\" src=\"https:\/\/mojmeteor.com\/wp-content\/uploads\/2026\/02\/IMG_1420-1024x683.jpg\" srcset=\"https:\/\/mojmeteor.com\/wp-content\/uploads\/2026\/02\/IMG_1420-1024x683.jpg 1024w, https:\/\/mojmeteor.com\/wp-content\/uploads\/2026\/02\/IMG_1420-300x200.jpg 300w, https:\/\/mojmeteor.com\/wp-content\/uploads\/2026\/02\/IMG_1420-768x512.jpg 768w, https:\/\/mojmeteor.com\/wp-content\/uploads\/2026\/02\/IMG_1420-1536x1024.jpg 1536w, https:\/\/mojmeteor.com\/wp-content\/uploads\/2026\/02\/IMG_1420-2048x1365.jpg 2048w\" sizes=\"auto, (max-width: 1024px) 100vw, 1024px\" \/><figcaption class=\"wp-block-jetpack-slideshow_caption gallery-caption\">Stigli i izvi\u0111a\u010di<\/figcaption><\/figure><\/li><li class=\"wp-block-jetpack-slideshow_slide swiper-slide\"><figure><img loading=\"lazy\" decoding=\"async\" width=\"1024\" height=\"683\" alt=\"\" class=\"wp-block-jetpack-slideshow_image wp-image-9492\" data-id=\"9492\" src=\"https:\/\/mojmeteor.com\/wp-content\/uploads\/2026\/02\/IMG_1434-1024x683.jpg\" srcset=\"https:\/\/mojmeteor.com\/wp-content\/uploads\/2026\/02\/IMG_1434-1024x683.jpg 1024w, https:\/\/mojmeteor.com\/wp-content\/uploads\/2026\/02\/IMG_1434-300x200.jpg 300w, https:\/\/mojmeteor.com\/wp-content\/uploads\/2026\/02\/IMG_1434-768x512.jpg 768w, https:\/\/mojmeteor.com\/wp-content\/uploads\/2026\/02\/IMG_1434-1536x1024.jpg 1536w, https:\/\/mojmeteor.com\/wp-content\/uploads\/2026\/02\/IMG_1434-2048x1365.jpg 2048w\" sizes=\"auto, (max-width: 1024px) 100vw, 1024px\" \/><figcaption class=\"wp-block-jetpack-slideshow_caption gallery-caption\">Progla\u0161enje pobjednika<\/figcaption><\/figure><\/li><li class=\"wp-block-jetpack-slideshow_slide swiper-slide\"><figure><img loading=\"lazy\" decoding=\"async\" width=\"1024\" height=\"683\" alt=\"\" class=\"wp-block-jetpack-slideshow_image wp-image-9493\" data-id=\"9493\" src=\"https:\/\/mojmeteor.com\/wp-content\/uploads\/2026\/02\/IMG_1439-1024x683.jpg\" srcset=\"https:\/\/mojmeteor.com\/wp-content\/uploads\/2026\/02\/IMG_1439-1024x683.jpg 1024w, https:\/\/mojmeteor.com\/wp-content\/uploads\/2026\/02\/IMG_1439-300x200.jpg 300w, https:\/\/mojmeteor.com\/wp-content\/uploads\/2026\/02\/IMG_1439-768x512.jpg 768w, https:\/\/mojmeteor.com\/wp-content\/uploads\/2026\/02\/IMG_1439-1536x1024.jpg 1536w, https:\/\/mojmeteor.com\/wp-content\/uploads\/2026\/02\/IMG_1439-2048x1365.jpg 2048w\" sizes=\"auto, (max-width: 1024px) 100vw, 1024px\" \/><figcaption class=\"wp-block-jetpack-slideshow_caption gallery-caption\">Progla\u0161enje pobjednika II<\/figcaption><\/figure><\/li><li class=\"wp-block-jetpack-slideshow_slide swiper-slide\"><figure><img loading=\"lazy\" decoding=\"async\" width=\"1024\" height=\"683\" alt=\"\" class=\"wp-block-jetpack-slideshow_image wp-image-9494\" data-id=\"9494\" src=\"https:\/\/mojmeteor.com\/wp-content\/uploads\/2026\/02\/IMG_1442-1024x683.jpg\" srcset=\"https:\/\/mojmeteor.com\/wp-content\/uploads\/2026\/02\/IMG_1442-1024x683.jpg 1024w, https:\/\/mojmeteor.com\/wp-content\/uploads\/2026\/02\/IMG_1442-300x200.jpg 300w, https:\/\/mojmeteor.com\/wp-content\/uploads\/2026\/02\/IMG_1442-768x512.jpg 768w, https:\/\/mojmeteor.com\/wp-content\/uploads\/2026\/02\/IMG_1442-1536x1024.jpg 1536w, https:\/\/mojmeteor.com\/wp-content\/uploads\/2026\/02\/IMG_1442-2048x1365.jpg 2048w\" sizes=\"auto, (max-width: 1024px) 100vw, 1024px\" \/><figcaption class=\"wp-block-jetpack-slideshow_caption gallery-caption\">Progla\u0161enje pobjednika III<\/figcaption><\/figure><\/li><li class=\"wp-block-jetpack-slideshow_slide swiper-slide\"><figure><img loading=\"lazy\" decoding=\"async\" width=\"1024\" height=\"683\" alt=\"\" class=\"wp-block-jetpack-slideshow_image wp-image-9498\" data-id=\"9498\" src=\"https:\/\/mojmeteor.com\/wp-content\/uploads\/2026\/02\/IMG_1491-1024x683.jpg\" srcset=\"https:\/\/mojmeteor.com\/wp-content\/uploads\/2026\/02\/IMG_1491-1024x683.jpg 1024w, https:\/\/mojmeteor.com\/wp-content\/uploads\/2026\/02\/IMG_1491-300x200.jpg 300w, https:\/\/mojmeteor.com\/wp-content\/uploads\/2026\/02\/IMG_1491-768x512.jpg 768w, https:\/\/mojmeteor.com\/wp-content\/uploads\/2026\/02\/IMG_1491-1536x1024.jpg 1536w, https:\/\/mojmeteor.com\/wp-content\/uploads\/2026\/02\/IMG_1491-2048x1365.jpg 2048w\" sizes=\"auto, (max-width: 1024px) 100vw, 1024px\" \/><figcaption class=\"wp-block-jetpack-slideshow_caption gallery-caption\">Baba Ian<\/figcaption><\/figure><\/li><li class=\"wp-block-jetpack-slideshow_slide swiper-slide\"><figure><img loading=\"lazy\" decoding=\"async\" width=\"768\" height=\"1024\" alt=\"\" class=\"wp-block-jetpack-slideshow_image wp-image-9501\" data-id=\"9501\" src=\"https:\/\/mojmeteor.com\/wp-content\/uploads\/2026\/02\/IMG1111-768x1024.jpg\" srcset=\"https:\/\/mojmeteor.com\/wp-content\/uploads\/2026\/02\/IMG1111-768x1024.jpg 768w, https:\/\/mojmeteor.com\/wp-content\/uploads\/2026\/02\/IMG1111-225x300.jpg 225w, https:\/\/mojmeteor.com\/wp-content\/uploads\/2026\/02\/IMG1111-1152x1536.jpg 1152w, https:\/\/mojmeteor.com\/wp-content\/uploads\/2026\/02\/IMG1111-150x200.jpg 150w, https:\/\/mojmeteor.com\/wp-content\/uploads\/2026\/02\/IMG1111.jpg 1200w\" sizes=\"auto, (max-width: 768px) 100vw, 768px\" \/><figcaption class=\"wp-block-jetpack-slideshow_caption gallery-caption\">Charlie \u0160ulenti\u0107 \ud83d\ude09<\/figcaption><\/figure><\/li><li class=\"wp-block-jetpack-slideshow_slide swiper-slide\"><figure><img loading=\"lazy\" decoding=\"async\" width=\"1024\" height=\"683\" alt=\"\" class=\"wp-block-jetpack-slideshow_image wp-image-9500\" data-id=\"9500\" src=\"https:\/\/mojmeteor.com\/wp-content\/uploads\/2026\/02\/IMG_1503-1024x683.jpg\" srcset=\"https:\/\/mojmeteor.com\/wp-content\/uploads\/2026\/02\/IMG_1503-1024x683.jpg 1024w, https:\/\/mojmeteor.com\/wp-content\/uploads\/2026\/02\/IMG_1503-300x200.jpg 300w, https:\/\/mojmeteor.com\/wp-content\/uploads\/2026\/02\/IMG_1503-768x512.jpg 768w, https:\/\/mojmeteor.com\/wp-content\/uploads\/2026\/02\/IMG_1503-1536x1024.jpg 1536w, https:\/\/mojmeteor.com\/wp-content\/uploads\/2026\/02\/IMG_1503-2048x1365.jpg 2048w\" sizes=\"auto, (max-width: 1024px) 100vw, 1024px\" \/><figcaption class=\"wp-block-jetpack-slideshow_caption gallery-caption\">Na\u0161e u\u010diteljice su se tako\u0111er maskirale<\/figcaption><\/figure><\/li><\/ul><a class=\"wp-block-jetpack-slideshow_button-prev swiper-button-prev swiper-button-white\" role=\"button\"><\/a><a class=\"wp-block-jetpack-slideshow_button-next swiper-button-next swiper-button-white\" role=\"button\"><\/a><a aria-label=\"Pause Slideshow\" class=\"wp-block-jetpack-slideshow_button-pause\" role=\"button\"><\/a><div class=\"wp-block-jetpack-slideshow_pagination swiper-pagination swiper-pagination-white\"><\/div><\/div><\/div>\n\n\n\n<p class=\"wp-block-paragraph\">Vesela atmosfera, toliko originalnih ma\u0161kara i osmijesi na licima najbolja su potvrda da su karaoke u \u0161kolskoj blagavaonici pun pogodak.<\/p>\n\n\n\n<p class=\"has-text-align-right wp-block-paragraph\"><strong>TEKST: Klara Brkanac, 7. b<\/strong><\/p>\n\n\n\n<p class=\"has-text-align-right wp-block-paragraph\"><strong>FOTOGRAFIJE: Jana Mu\u0161ija, 7. c<\/strong><\/p>\n","protected":false},"excerpt":{"rendered":"<p>Ve\u010der uo\u010di po\u010detka korizme, 17. velja\u010de 2026., odr\u017eao se doga\u0111aj koji razvija samopouzdanje, kreativnost i \u0161kolu pretvara u &#8220;house of fun&#8221;<\/p>\n","protected":false},"author":8,"featured_media":9472,"comment_status":"closed","ping_status":"","sticky":false,"template":"","format":"standard","meta":{"footnotes":""},"categories":[7],"tags":[],"class_list":["post-9471","post","type-post","status-publish","format-standard","has-post-thumbnail","hentry","category-zabava"],"jetpack_sharing_enabled":true,"jetpack_featured_media_url":"https:\/\/mojmeteor.com\/wp-content\/uploads\/2026\/02\/IMG_1384-scaled.jpg","jetpack-related-posts":[{"id":746,"url":"https:\/\/mojmeteor.com\/index.php\/2016\/02\/10\/palac-gore-za-karaoke-pod-maskama\/","url_meta":{"origin":9471,"position":0},"title":"Karaoke pod maskama","author":"admin","date":"10\/02\/2016","format":false,"excerpt":"Galerijom fotografija i izjavama publike poku\u0161at \u0107emo vam do\u010darati kakav su veseo doga\u0111aj bile Karaoke pod maskama.","rel":"","context":"In &quot;Doga\u0111anja&quot;","block_context":{"text":"Doga\u0111anja","link":"https:\/\/mojmeteor.com\/index.php\/category\/dogadanja\/"},"img":{"alt_text":"","src":"https:\/\/i0.wp.com\/mojmeteor.com\/wp-content\/uploads\/2016\/02\/14.jpg?resize=350%2C200&ssl=1","width":350,"height":200,"srcset":"https:\/\/i0.wp.com\/mojmeteor.com\/wp-content\/uploads\/2016\/02\/14.jpg?resize=350%2C200&ssl=1 1x, https:\/\/i0.wp.com\/mojmeteor.com\/wp-content\/uploads\/2016\/02\/14.jpg?resize=525%2C300&ssl=1 1.5x, https:\/\/i0.wp.com\/mojmeteor.com\/wp-content\/uploads\/2016\/02\/14.jpg?resize=700%2C400&ssl=1 2x"},"classes":[]},{"id":337,"url":"https:\/\/mojmeteor.com\/index.php\/2016\/01\/15\/pocele-prijave-za-karaoke\/","url_meta":{"origin":9471,"position":1},"title":"Po\u010dele prijave za karaoke","author":"admin","date":"15\/01\/2016","format":false,"excerpt":"Sti\u017eu poklade, sti\u017eu nasmijani i raspjevani dani i u na\u0161u \u0161kolu.","rel":"","context":"In &quot;Zabava&quot;","block_context":{"text":"Zabava","link":"https:\/\/mojmeteor.com\/index.php\/category\/zabava\/"},"img":{"alt_text":"","src":"https:\/\/i0.wp.com\/mojmeteor.com\/wp-content\/uploads\/2016\/01\/karaoke-plakat.jpg?resize=350%2C200&ssl=1","width":350,"height":200},"classes":[]},{"id":5943,"url":"https:\/\/mojmeteor.com\/index.php\/2020\/02\/26\/cetvrte-karaoke-pod-maskama\/","url_meta":{"origin":9471,"position":2},"title":"\u010cetvrte Karaoke pod maskama","author":"admin","date":"26\/02\/2020","format":false,"excerpt":"Bila je to ve\u010der pjesme, plesa i veselja pod maskama. Saznajte tko se najbolje maskirao i pogledajte bogatu galeriju fotografija","rel":"","context":"In &quot;Zabava&quot;","block_context":{"text":"Zabava","link":"https:\/\/mojmeteor.com\/index.php\/category\/zabava\/"},"img":{"alt_text":"","src":"https:\/\/i0.wp.com\/mojmeteor.com\/wp-content\/uploads\/2020\/02\/9-scaled.jpg?resize=350%2C200&ssl=1","width":350,"height":200,"srcset":"https:\/\/i0.wp.com\/mojmeteor.com\/wp-content\/uploads\/2020\/02\/9-scaled.jpg?resize=350%2C200&ssl=1 1x, https:\/\/i0.wp.com\/mojmeteor.com\/wp-content\/uploads\/2020\/02\/9-scaled.jpg?resize=525%2C300&ssl=1 1.5x, https:\/\/i0.wp.com\/mojmeteor.com\/wp-content\/uploads\/2020\/02\/9-scaled.jpg?resize=700%2C400&ssl=1 2x, https:\/\/i0.wp.com\/mojmeteor.com\/wp-content\/uploads\/2020\/02\/9-scaled.jpg?resize=1050%2C600&ssl=1 3x, https:\/\/i0.wp.com\/mojmeteor.com\/wp-content\/uploads\/2020\/02\/9-scaled.jpg?resize=1400%2C800&ssl=1 4x"},"classes":[]},{"id":8945,"url":"https:\/\/mojmeteor.com\/index.php\/2025\/02\/20\/karaoke-pod-maskama-rezultati-audicije\/","url_meta":{"origin":9471,"position":3},"title":"KARAOKE POD MASKAMA: Rezultati audicije","author":"admin","date":"20\/02\/2025","format":false,"excerpt":"Nakon \u010dak 33 pjesme u\u010denika od 1. do 8. razreda objavljujemo popis u\u010denika koji \u0107e pjevati na karaokama pod maskama 4. o\u017eujka 2025. godine u blagavaonici \u0161kole","rel":"","context":"In &quot;Zabava&quot;","block_context":{"text":"Zabava","link":"https:\/\/mojmeteor.com\/index.php\/category\/zabava\/"},"img":{"alt_text":"","src":"https:\/\/i0.wp.com\/mojmeteor.com\/wp-content\/uploads\/2025\/02\/IMG_20250220_134228-scaled.jpg?resize=350%2C200&ssl=1","width":350,"height":200,"srcset":"https:\/\/i0.wp.com\/mojmeteor.com\/wp-content\/uploads\/2025\/02\/IMG_20250220_134228-scaled.jpg?resize=350%2C200&ssl=1 1x, https:\/\/i0.wp.com\/mojmeteor.com\/wp-content\/uploads\/2025\/02\/IMG_20250220_134228-scaled.jpg?resize=525%2C300&ssl=1 1.5x, https:\/\/i0.wp.com\/mojmeteor.com\/wp-content\/uploads\/2025\/02\/IMG_20250220_134228-scaled.jpg?resize=700%2C400&ssl=1 2x, https:\/\/i0.wp.com\/mojmeteor.com\/wp-content\/uploads\/2025\/02\/IMG_20250220_134228-scaled.jpg?resize=1050%2C600&ssl=1 3x, https:\/\/i0.wp.com\/mojmeteor.com\/wp-content\/uploads\/2025\/02\/IMG_20250220_134228-scaled.jpg?resize=1400%2C800&ssl=1 4x"},"classes":[]},{"id":7628,"url":"https:\/\/mojmeteor.com\/index.php\/2023\/02\/09\/vesela-audicija-tko-pjeva-na-karaokama-pod-maskama\/","url_meta":{"origin":9471,"position":4},"title":"VESELA AUDICIJA: Tko pjeva na Karaokama pod maskama","author":"admin","date":"09\/02\/2023","format":false,"excerpt":"Nakon 25 izvedenih pjesama na audiciji povjerenstvo je moralo suziti izbor i odabrati 15 najprimjerenijih nastupa za karaoke","rel":"","context":"In &quot;Zabava&quot;","block_context":{"text":"Zabava","link":"https:\/\/mojmeteor.com\/index.php\/category\/zabava\/"},"img":{"alt_text":"","src":"","width":0,"height":0},"classes":[]},{"id":5934,"url":"https:\/\/mojmeteor.com\/index.php\/2020\/02\/20\/dodite-na-komediju\/","url_meta":{"origin":9471,"position":5},"title":"Do\u0111ite na komediju","author":"admin","date":"20\/02\/2020","format":false,"excerpt":"Od 30 prijavljenih glazbenih to\u010daka povjerenstvo izabralo 15 za Karaoke pod maskama koje \u0107e se odr\u017eati u ponedjeljak, 24. velja\u010de 2020. u 18 sati","rel":"","context":"In &quot;Zabava&quot;","block_context":{"text":"Zabava","link":"https:\/\/mojmeteor.com\/index.php\/category\/zabava\/"},"img":{"alt_text":"","src":"https:\/\/i0.wp.com\/mojmeteor.com\/wp-content\/uploads\/2020\/02\/1-scaled.jpg?resize=350%2C200&ssl=1","width":350,"height":200,"srcset":"https:\/\/i0.wp.com\/mojmeteor.com\/wp-content\/uploads\/2020\/02\/1-scaled.jpg?resize=350%2C200&ssl=1 1x, https:\/\/i0.wp.com\/mojmeteor.com\/wp-content\/uploads\/2020\/02\/1-scaled.jpg?resize=525%2C300&ssl=1 1.5x, https:\/\/i0.wp.com\/mojmeteor.com\/wp-content\/uploads\/2020\/02\/1-scaled.jpg?resize=700%2C400&ssl=1 2x, https:\/\/i0.wp.com\/mojmeteor.com\/wp-content\/uploads\/2020\/02\/1-scaled.jpg?resize=1050%2C600&ssl=1 3x, https:\/\/i0.wp.com\/mojmeteor.com\/wp-content\/uploads\/2020\/02\/1-scaled.jpg?resize=1400%2C800&ssl=1 4x"},"classes":[]}],"_links":{"self":[{"href":"https:\/\/mojmeteor.com\/index.php\/wp-json\/wp\/v2\/posts\/9471","targetHints":{"allow":["GET"]}}],"collection":[{"href":"https:\/\/mojmeteor.com\/index.php\/wp-json\/wp\/v2\/posts"}],"about":[{"href":"https:\/\/mojmeteor.com\/index.php\/wp-json\/wp\/v2\/types\/post"}],"author":[{"embeddable":true,"href":"https:\/\/mojmeteor.com\/index.php\/wp-json\/wp\/v2\/users\/8"}],"replies":[{"embeddable":true,"href":"https:\/\/mojmeteor.com\/index.php\/wp-json\/wp\/v2\/comments?post=9471"}],"version-history":[{"count":11,"href":"https:\/\/mojmeteor.com\/index.php\/wp-json\/wp\/v2\/posts\/9471\/revisions"}],"predecessor-version":[{"id":9511,"href":"https:\/\/mojmeteor.com\/index.php\/wp-json\/wp\/v2\/posts\/9471\/revisions\/9511"}],"wp:featuredmedia":[{"embeddable":true,"href":"https:\/\/mojmeteor.com\/index.php\/wp-json\/wp\/v2\/media\/9472"}],"wp:attachment":[{"href":"https:\/\/mojmeteor.com\/index.php\/wp-json\/wp\/v2\/media?parent=9471"}],"wp:term":[{"taxonomy":"category","embeddable":true,"href":"https:\/\/mojmeteor.com\/index.php\/wp-json\/wp\/v2\/categories?post=9471"},{"taxonomy":"post_tag","embeddable":true,"href":"https:\/\/mojmeteor.com\/index.php\/wp-json\/wp\/v2\/tags?post=9471"}],"curies":[{"name":"wp","href":"https:\/\/api.w.org\/{rel}","templated":true}]}}